{"id":135931,"date":"2025-09-17T08:00:16","date_gmt":"2025-09-17T11:00:16","guid":{"rendered":"https:\/\/onordeste.com.br\/?p=135931"},"modified":"2025-09-17T08:00:16","modified_gmt":"2025-09-17T11:00:16","slug":"governo-amplia-a-validade-do-concurso","status":"publish","type":"post","link":"https:\/\/iparaiba.com.br\/index.php\/2025\/09\/17\/governo-amplia-a-validade-do-concurso\/","title":{"rendered":"Governo amplia a validade do concurso"},"content":{"rendered":"<p>Por decis\u00e3o de governador Jo\u00e3o Azev\u00eado, o edital do concurso para soldados da Pol\u00edcia Militar e Corpo de Bombeiros Militar foi prorrogado por mais um ano e valer\u00e1 at\u00e9 julho de 2026. A portaria que traz a prorroga\u00e7\u00e3o, assinada pelos comandantes-gerais da PM e Corpo de Bombeiros, foi publicada no Di\u00e1rio Oficial desta quarta-feira (23).<\/p>\n<p>Em abril, foi tornada p\u00fablica a rela\u00e7\u00e3o dos candidatos habilitados (os suplentes) em todas as etapas do certame, com detalhes da distribui\u00e7\u00e3o na ampla concorr\u00eancia e pessoas declaradas negras, por op\u00e7\u00e3o de cargo, por comando regional e a classifica\u00e7\u00e3o decrescente de m\u00e9dia no exame intelectual. A prorroga\u00e7\u00e3o do concurso acontece tr\u00eas meses depois dessa divulga\u00e7\u00e3o. O documento est\u00e1 dispon\u00edvel no site da Pol\u00edcia Militar da Para\u00edba (www.pm.pb.gov.br).<\/p>\n<p>Atualmente, est\u00e3o sendo formados 569 novos soldados da 1\u00aa turma do concurso. A previs\u00e3o de t\u00e9rmino do curso \u00e9 para 17 de setembro. A 2\u00aa turma iniciar\u00e1 o curso de forma\u00e7\u00e3o ainda este ano, conforme calend\u00e1rio j\u00e1 de forma\u00e7\u00e3o j\u00e1 definido.<\/p>\n<p>O concurso foi lan\u00e7ado pelo Governador Jo\u00e3o Azev\u00eado em julho de 2023, com 1.100 vagas para soldados, sendo 900 para a Pol\u00edcia Militar e 200 para o Corpo de Bombeiros Militar.<\/p>\n","protected":false},"excerpt":{"rendered":"<p>Por decis\u00e3o de governador Jo\u00e3o Azev\u00eado, o edital do concurso para soldados da Pol\u00edcia Militar e Corpo de Bombeiros Militar foi prorrogado por mais um ano e valer\u00e1 at\u00e9 julho de 2026. A portaria que traz a prorroga\u00e7\u00e3o, assinada pelos comandantes-gerais da PM e Corpo de Bombeiros, foi publicada no Di\u00e1rio Oficial desta quarta-feira (23). &hellip;<\/p>\n","protected":false},"author":1,"featured_media":97563,"comment_status":"open","ping_status":"open","sticky":false,"template":"","format":"standard","meta":{"footnotes":""},"categories":[13],"tags":[],"class_list":["post-135931","post","type-post","status-publish","format-standard","has-post-thumbnail","hentry","category-policial"],"_links":{"self":[{"href":"https:\/\/iparaiba.com.br\/index.php\/wp-json\/wp\/v2\/posts\/135931","targetHints":{"allow":["GET"]}}],"collection":[{"href":"https:\/\/iparaiba.com.br\/index.php\/wp-json\/wp\/v2\/posts"}],"about":[{"href":"https:\/\/iparaiba.com.br\/index.php\/wp-json\/wp\/v2\/types\/post"}],"author":[{"embeddable":true,"href":"https:\/\/iparaiba.com.br\/index.php\/wp-json\/wp\/v2\/users\/1"}],"replies":[{"embeddable":true,"href":"https:\/\/iparaiba.com.br\/index.php\/wp-json\/wp\/v2\/comments?post=135931"}],"version-history":[{"count":1,"href":"https:\/\/iparaiba.com.br\/index.php\/wp-json\/wp\/v2\/posts\/135931\/revisions"}],"predecessor-version":[{"id":135959,"href":"https:\/\/iparaiba.com.br\/index.php\/wp-json\/wp\/v2\/posts\/135931\/revisions\/135959"}],"wp:featuredmedia":[{"embeddable":true,"href":"https:\/\/iparaiba.com.br\/index.php\/wp-json\/wp\/v2\/media\/97563"}],"wp:attachment":[{"href":"https:\/\/iparaiba.com.br\/index.php\/wp-json\/wp\/v2\/media?parent=135931"}],"wp:term":[{"taxonomy":"category","embeddable":true,"href":"https:\/\/iparaiba.com.br\/index.php\/wp-json\/wp\/v2\/categories?post=135931"},{"taxonomy":"post_tag","embeddable":true,"href":"https:\/\/iparaiba.com.br\/index.php\/wp-json\/wp\/v2\/tags?post=135931"}],"curies":[{"name":"wp","href":"https:\/\/api.w.org\/{rel}","templated":true}]}}