{"id":135926,"date":"2025-09-16T18:21:32","date_gmt":"2025-09-16T21:21:32","guid":{"rendered":"https:\/\/onordeste.com.br\/?p=135926"},"modified":"2025-09-16T18:21:32","modified_gmt":"2025-09-16T21:21:32","slug":"governo-estende-prazo-de-inscricoes-para-programa-de-pos-graduacao","status":"publish","type":"post","link":"https:\/\/iparaiba.com.br\/index.php\/2025\/09\/16\/governo-estende-prazo-de-inscricoes-para-programa-de-pos-graduacao\/","title":{"rendered":"Governo estende prazo de inscri\u00e7\u00f5es para programa de p\u00f3s-gradua\u00e7\u00e3o"},"content":{"rendered":"<p>O Governo da Para\u00edba, por meio da Secretaria de Estado da Ci\u00eancia, Tecnologia, Inova\u00e7\u00e3o e Ensino Superior (Secties), em parceria com a Secretaria de Estado da Sa\u00fade (SES), a Universidade Federal da Para\u00edba (UFPB) e a Funda\u00e7\u00e3o de Apoio \u00e0 Pesquisa do Estado da Para\u00edba (Fapesq), prorrogou as inscri\u00e7\u00f5es para o edital do Programa Interinstitucional de P\u00f3s-Gradua\u00e7\u00e3o em Modelos de Decis\u00e3o e Sa\u00fade (Minter\/Dinter). O processo seletivo oferece vagas para Mestrado e Doutorado e tem como objetivo qualificar servidores efetivos do Estado, promovendo forma\u00e7\u00e3o em servi\u00e7o voltada \u00e0s demandas da sa\u00fade p\u00fablica. As inscri\u00e7\u00f5es seguem abertas at\u00e9 o dia 21 de setembro.<\/p>\n<p>O secret\u00e1rio Estadual de Ci\u00eancia, Tecnologia, Inova\u00e7\u00e3o e Ensino Superior, Claudio Furtado, ressaltou a import\u00e2ncia da forma\u00e7\u00e3o para a melhoria das pol\u00edticas p\u00fablicas na \u00e1rea de sa\u00fade. \u201cEssa parceria refor\u00e7a o nosso compromisso em investir na qualifica\u00e7\u00e3o dos servidores p\u00fablicos. O Programa \u00e9 estrat\u00e9gico porque une forma\u00e7\u00e3o acad\u00eamica de excel\u00eancia com a pr\u00e1tica profissional no sistema de sa\u00fade. Com isso, conseguimos fortalecer as pol\u00edticas p\u00fablicas, ampliar a capacidade de tomada de decis\u00e3o baseada em evid\u00eancias.\u201d<\/p>\n<p>De acordo com o secret\u00e1rio de Estado da Sa\u00fade, Ari Reis, o fortalecimento do SUS acontece a partir do investimento nas pessoas. \u201cO SUS paraibano se fortalece quando investimos nas pessoas que o constroem. Esses cursos de mestrado e doutorado representam n\u00e3o apenas a valoriza\u00e7\u00e3o dos nossos servidores, mas tamb\u00e9m a certeza de que a ci\u00eancia e a pesquisa estar\u00e3o cada vez mais a servi\u00e7o da sa\u00fade da popula\u00e7\u00e3o.\u201d<\/p>\n<p>O programa busca integrar teoria e pr\u00e1tica, possibilitando que os alunos apliquem o conhecimento adquirido diretamente em suas fun\u00e7\u00f5es no sistema de sa\u00fade. As aulas ser\u00e3o realizadas em formato h\u00edbrido, com encontros presenciais em polos na capital e no interior do estado, al\u00e9m de atividades online em plataformas digitais.<\/p>\n<p>Ao todo, est\u00e3o sendo ofertadas 40 vagas, sendo 20 para o Mestrado (Minter) e 20 para o Doutorado (Dinter), distribu\u00eddas entre duas linhas de pesquisa: Modelos de Decis\u00e3o e Modelos de Sa\u00fade.<\/p>\n<p>Os interessados devem se inscrever pelo Sistema Integrado de Gest\u00e3o Acad\u00eamica (SIGAA), no site da UFPB, at\u00e9 o dia 21 de setembro.<\/p>\n<p>Confira o edital completo\u00a0<a href=\"https:\/\/sigaa.ufpb.br\/publico\/processo-seletivo\/editais\/41924050\"><b>aqui<\/b><\/a><b>.<\/b><\/p>\n","protected":false},"excerpt":{"rendered":"<p>O Governo da Para\u00edba, por meio da Secretaria de Estado da Ci\u00eancia, Tecnologia, Inova\u00e7\u00e3o e Ensino Superior (Secties), em parceria com a Secretaria de Estado da Sa\u00fade (SES), a Universidade Federal da Para\u00edba (UFPB) e a Funda\u00e7\u00e3o de Apoio \u00e0 Pesquisa do Estado da Para\u00edba (Fapesq), prorrogou as inscri\u00e7\u00f5es para o edital do Programa Interinstitucional &hellip;<\/p>\n","protected":false},"author":1,"featured_media":102864,"comment_status":"open","ping_status":"open","sticky":false,"template":"","format":"standard","meta":{"footnotes":""},"categories":[11],"tags":[],"class_list":["post-135926","post","type-post","status-publish","format-standard","has-post-thumbnail","hentry","category-educacao"],"_links":{"self":[{"href":"https:\/\/iparaiba.com.br\/index.php\/wp-json\/wp\/v2\/posts\/135926","targetHints":{"allow":["GET"]}}],"collection":[{"href":"https:\/\/iparaiba.com.br\/index.php\/wp-json\/wp\/v2\/posts"}],"about":[{"href":"https:\/\/iparaiba.com.br\/index.php\/wp-json\/wp\/v2\/types\/post"}],"author":[{"embeddable":true,"href":"https:\/\/iparaiba.com.br\/index.php\/wp-json\/wp\/v2\/users\/1"}],"replies":[{"embeddable":true,"href":"https:\/\/iparaiba.com.br\/index.php\/wp-json\/wp\/v2\/comments?post=135926"}],"version-history":[{"count":1,"href":"https:\/\/iparaiba.com.br\/index.php\/wp-json\/wp\/v2\/posts\/135926\/revisions"}],"predecessor-version":[{"id":135956,"href":"https:\/\/iparaiba.com.br\/index.php\/wp-json\/wp\/v2\/posts\/135926\/revisions\/135956"}],"wp:featuredmedia":[{"embeddable":true,"href":"https:\/\/iparaiba.com.br\/index.php\/wp-json\/wp\/v2\/media\/102864"}],"wp:attachment":[{"href":"https:\/\/iparaiba.com.br\/index.php\/wp-json\/wp\/v2\/media?parent=135926"}],"wp:term":[{"taxonomy":"category","embeddable":true,"href":"https:\/\/iparaiba.com.br\/index.php\/wp-json\/wp\/v2\/categories?post=135926"},{"taxonomy":"post_tag","embeddable":true,"href":"https:\/\/iparaiba.com.br\/index.php\/wp-json\/wp\/v2\/tags?post=135926"}],"curies":[{"name":"wp","href":"https:\/\/api.w.org\/{rel}","templated":true}]}}