{"id":135919,"date":"2025-09-16T08:12:58","date_gmt":"2025-09-16T11:12:58","guid":{"rendered":"https:\/\/onordeste.com.br\/?p=135918"},"modified":"2025-09-16T08:12:58","modified_gmt":"2025-09-16T11:12:58","slug":"aberto-concurso-publico","status":"publish","type":"post","link":"https:\/\/iparaiba.com.br\/index.php\/2025\/09\/16\/aberto-concurso-publico\/","title":{"rendered":"Aberto concurso p\u00fablico"},"content":{"rendered":"<p>A Prefeitura Municipal de Monteiro divulgou um edital de concurso p\u00fablico visando preencher 114 vagas para profissionais de n\u00edveis fundamental, m\u00e9dio, t\u00e9cnico e superior.<\/p>\n<p>As oportunidades s\u00e3o para os seguintes cargos: Agente Administrativo Escolar (1 vaga); Agente de Vigil\u00e2ncia Sanit\u00e1ria (1 vaga); Agentes Municipais de Tr\u00e2nsito e Transporte (1 vaga); Agente Patrimonial Escolar (3 vagas); Assistente Social (3 vagas); Assistente Social Plantonista (1 vaga); Atendente de Farm\u00e1cia (2 vagas); Auxiliar Administrativo (2 vagas); Auxiliar de Consult\u00f3rio Dent\u00e1rio (2 vagas); Bioqu\u00edmico (1 vaga); Bioqu\u00edmico Plantonista (1 vaga); Condutor de Ve\u00edculos de Urg\u00eancia (1 vaga); Condutor Socorrista Plantonista (1 vaga); Coveiro (1 vaga).<\/p>\n<p>Educador F\u00edsico (2 vagas); Enfermeiro (1 vaga); Enfermeiro Plantonista GAM (1 vaga); Enfermeiro Plantonista GPA (5 vagas); Farmac\u00eautico (1 vaga); Farmac\u00eautico Plantonista GPA (1 vaga); Farmac\u00eautico Plantonista PSP (1 vaga); Fiscal de Obras (1 vaga); Fiscal de Tributos Municipais (1 vaga); Fisioterapeuta (1 vaga); Fonoaudi\u00f3logo GAE (1 vaga); Fonoaudi\u00f3logo GSP (3 vagas); Inspetor de Alunos (2 vagas); M\u00e9dico Endocrinologista (1 vaga); M\u00e9dico Generalista Plantonista (1 vaga); M\u00e9dico Veterin\u00e1rio (1 vaga).<\/p>\n<p>Motorista (1 vaga); Motorista de Ambul\u00e2ncia (1 vaga); Motorista Escolar (2 vagas); Nutricionista (2 vagas); Odont\u00f3logo (1 vaga); Odont\u00f3logo Endodontista (1 vaga); Operador de M\u00e1quinas Pesadas (Patrol) (1 vaga); Operador de M\u00e1quinas Pesadas (Retro) (1 vaga); Pedagogo (1 vaga).<\/p>\n<p>Professor da Educa\u00e7\u00e3o Fundamental 1 (4 vagas); Professor da Educa\u00e7\u00e3o Fundamental 2 Artes (1 vaga); Professor da Educa\u00e7\u00e3o Fundamental 2 Ci\u00eancias (1 vaga); Professor da Educa\u00e7\u00e3o Fundamental 2 Educa\u00e7\u00e3o F\u00edsica (3 vagas); Professor da Educa\u00e7\u00e3o Fundamental 2 Geografia (2 vagas); Professor da Educa\u00e7\u00e3o Fundamental 2 Hist\u00f3ria (2 vagas); Professor da Educa\u00e7\u00e3o Fundamental 2 L\u00edngua Espanhola (1 vaga); Professor da Educa\u00e7\u00e3o Fundamental 2 L\u00edngua Inglesa (1 vaga); Professor da Educa\u00e7\u00e3o Fundamental 2 L\u00edngua Portuguesa (3 vagas); Professor da Educa\u00e7\u00e3o Fundamental 2 Matem\u00e1tica (3 vagas); Professor da Educa\u00e7\u00e3o Infantil (10 vagas).<\/p>\n<p>Psic\u00f3logo (2 vagas); Psicopedagogo Educacional (1 vaga); R\u00e1dio Operador (1 vaga); Secret\u00e1rio Escolar (2 vagas); Supervisor Educacional (3 vagas); T\u00e9cnico Administrativo (1 vaga); T\u00e9cnico Administrativo Plantonista (3 vagas); T\u00e9cnico em Enfermagem (4 vagas); T\u00e9cnico em Enfermagem Plantonista (5 vagas); T\u00e9cnico em Radiologia Plantonista (1 vaga); Telefonista Auxiliar de Regula\u00e7\u00e3o M\u00e9dica (1 vaga); Terapeuta Ocupacional (3 vagas).<\/p>\n<p>No quantitativo de vagas acima mencionado, encontram-se as reservadas para candidatos (AC, PCD) que se enquadrem nos itens especificados no edital de abertura.<\/p>\n<p>Para participar, \u00e9 necess\u00e1rio que o comprove o n\u00edvel de escolaridade exigido para a fun\u00e7\u00e3o em que pretende atuar e atenda a outros requisitos estabelecidos no edital.<\/p>\n<p>Ao serem admitidos, os profissionais dever\u00e3o atuar em jornadas de 20 a 40 horas semanais ou em plant\u00e3o de 12 horas e receber\u00e3o remunera\u00e7\u00f5es mensais de R$ 1.518,00 a R$ 5.597,94, ou de R$ 101,20 a R$ 180,00 por plant\u00e3o.<\/p>\n<p>Os interessados poder\u00e3o se inscrever no per\u00edodo de 1\u00ba de setembro de 2025 a 2 de outubro de 2025, pelo site da\u00a0Facet Concursos. O valor da taxa de inscri\u00e7\u00e3o varia de R$ 85,00 a R$ 115,00, sendo poss\u00edvel solicitar isen\u00e7\u00e3o entre os dias 1\u00ba e 2 de setembro de 2025.<\/p>\n<p>A classifica\u00e7\u00e3o dos candidatos ser\u00e1 realizada por meio de prova escrita, em forma objetiva, prevista para o dia 2 de novembro de 2025. Para alguns cargos tamb\u00e9m haver\u00e1 prova pr\u00e1tica, teste de aptid\u00e3o f\u00edsica e prova de t\u00edtulos.<\/p>\n<p>O Concurso P\u00fablico ter\u00e1 validade pelo prazo de dois anos, a contar da data da publica\u00e7\u00e3o de sua homologa\u00e7\u00e3o em Di\u00e1rio Oficial, podendo ser prorrogada a crit\u00e9rio da Administra\u00e7\u00e3o P\u00fablica Municipal.<\/p>\n<p>Mais detalhes podem ser encontrados no edital completo, dispon\u00edvel em anexo.<\/p>\n<p><em>Ascom<\/em><\/p>\n","protected":false},"excerpt":{"rendered":"<p>A Prefeitura Municipal de Monteiro divulgou um edital de concurso p\u00fablico visando preencher 114 vagas para profissionais de n\u00edveis fundamental, m\u00e9dio, t\u00e9cnico e superior. As oportunidades s\u00e3o para os seguintes cargos: Agente Administrativo Escolar (1 vaga); Agente de Vigil\u00e2ncia Sanit\u00e1ria (1 vaga); Agentes Municipais de Tr\u00e2nsito e Transporte (1 vaga); Agente Patrimonial Escolar (3 vagas); &hellip;<\/p>\n","protected":false},"author":1,"featured_media":134039,"comment_status":"open","ping_status":"open","sticky":false,"template":"","format":"standard","meta":{"footnotes":""},"categories":[12],"tags":[],"class_list":["post-135919","post","type-post","status-publish","format-standard","has-post-thumbnail","hentry","category-emprego"],"_links":{"self":[{"href":"https:\/\/iparaiba.com.br\/index.php\/wp-json\/wp\/v2\/posts\/135919","targetHints":{"allow":["GET"]}}],"collection":[{"href":"https:\/\/iparaiba.com.br\/index.php\/wp-json\/wp\/v2\/posts"}],"about":[{"href":"https:\/\/iparaiba.com.br\/index.php\/wp-json\/wp\/v2\/types\/post"}],"author":[{"embeddable":true,"href":"https:\/\/iparaiba.com.br\/index.php\/wp-json\/wp\/v2\/users\/1"}],"replies":[{"embeddable":true,"href":"https:\/\/iparaiba.com.br\/index.php\/wp-json\/wp\/v2\/comments?post=135919"}],"version-history":[{"count":1,"href":"https:\/\/iparaiba.com.br\/index.php\/wp-json\/wp\/v2\/posts\/135919\/revisions"}],"predecessor-version":[{"id":135952,"href":"https:\/\/iparaiba.com.br\/index.php\/wp-json\/wp\/v2\/posts\/135919\/revisions\/135952"}],"wp:featuredmedia":[{"embeddable":true,"href":"https:\/\/iparaiba.com.br\/index.php\/wp-json\/wp\/v2\/media\/134039"}],"wp:attachment":[{"href":"https:\/\/iparaiba.com.br\/index.php\/wp-json\/wp\/v2\/media?parent=135919"}],"wp:term":[{"taxonomy":"category","embeddable":true,"href":"https:\/\/iparaiba.com.br\/index.php\/wp-json\/wp\/v2\/categories?post=135919"},{"taxonomy":"post_tag","embeddable":true,"href":"https:\/\/iparaiba.com.br\/index.php\/wp-json\/wp\/v2\/tags?post=135919"}],"curies":[{"name":"wp","href":"https:\/\/api.w.org\/{rel}","templated":true}]}}