{"id":135918,"date":"2025-09-16T06:11:42","date_gmt":"2025-09-16T09:11:42","guid":{"rendered":"https:\/\/onordeste.com.br\/?p=135916"},"modified":"2025-09-16T06:11:42","modified_gmt":"2025-09-16T09:11:42","slug":"cmjp-aprova-proibicao-de-dancas-que-exponham-criancas-e-adolescentes-a-erotizacao-precoce","status":"publish","type":"post","link":"https:\/\/iparaiba.com.br\/index.php\/2025\/09\/16\/cmjp-aprova-proibicao-de-dancas-que-exponham-criancas-e-adolescentes-a-erotizacao-precoce\/","title":{"rendered":"CMJP aprova proibi\u00e7\u00e3o de dan\u00e7as que exponham crian\u00e7as e adolescentes \u00e0 erotiza\u00e7\u00e3o precoce"},"content":{"rendered":"<p align=\"justify\">A C\u00e2mara Municipal de Jo\u00e3o Pessoa (CMJP) aprovou, na sess\u00e3o ordin\u00e1ria desta quinta-feira (4), um projeto que pretende proibir a realiza\u00e7\u00e3o de dan\u00e7as cujas coreografias sejam obscenas, pornogr\u00e1ficas e\/ou exponham crian\u00e7as e adolescentes \u00e0 erotiza\u00e7\u00e3o precoce, em eventos das escolas municipais. Na vota\u00e7\u00e3o, os vereadores aprovaram 16 Projetos de Lei Ordin\u00e1ria (PLO) e tr\u00eas Projetos de Decreto Legislativo (PDL), al\u00e9m de derrubarem um Veto do Executivo Municipal e manterem outro.<\/p>\n<p align=\"justify\">O PLO\u00a0<a href=\"https:\/\/sapl.joaopessoa.pb.leg.br\/materia\/pesquisar-materia?tipo=1&amp;ementa=&amp;numero=95&amp;numeracao__numero_materia=&amp;numero_protocolo=&amp;ano=2025&amp;autoria__autor=&amp;autoria__primeiro_autor=unknown&amp;autoria__autor_\" target=\"_blank\" rel=\"noopener\" data-saferedirecturl=\"https:\/\/www.google.com\/url?q=https:\/\/sapl.joaopessoa.pb.leg.br\/materia\/pesquisar-materia?tipo%3D1%26ementa%3D%26numero%3D95%26numeracao__numero_materia%3D%26numero_protocolo%3D%26ano%3D2025%26autoria__autor%3D%26autoria__primeiro_autor%3Dunknown%26autoria__autor_&amp;source=gmail&amp;ust=1758020371537000&amp;usg=AOvVaw2OhbH3BM9w8WCTDyTglsW8\">95\/2025<\/a>, de Carl\u00e3o (PL), pro\u00edbe, no \u00e2mbito das escolas municipais, a realiza\u00e7\u00e3o de dan\u00e7as cujas coreografias sejam obscenas, pornogr\u00e1ficas e\/ou exponham crian\u00e7as e adolescentes \u00e0 erotiza\u00e7\u00e3o precoce; a promo\u00e7\u00e3o e\/ou ensino da pr\u00e1tica de dan\u00e7as cujo conte\u00fado ou movimentos sujeitem \u00e0 crian\u00e7a e\/ou adolescentes \u00e0 exposi\u00e7\u00e3o sexual; e a utiliza\u00e7\u00e3o de m\u00fasicas que fa\u00e7am apologia ao crime organizado e ao uso de drogas.<\/p>\n<p align=\"justify\">A vereadora Eliza Virg\u00ednia (PP) fez quest\u00e3o de destacar a import\u00e2ncia da mat\u00e9ria para salvaguardar o cotidiano escolar das crian\u00e7as e dos adolescentes do Munic\u00edpio. \u201cN\u00e3o poderia deixar passar a oportunidade de exaltar esse projeto maravilhoso. Existem outros projetos tramitando na Casa, com tema semelhante, para intensivar a luta contra a explora\u00e7\u00e3o sexual das nossas crian\u00e7as. Na pr\u00f3xima quarta-feira (10), vamos discutir, com as autoridades ligadas ao tema, pol\u00edticas p\u00fablicas contra a adultiza\u00e7\u00e3o\/erotiza\u00e7\u00e3o das crian\u00e7as e adolescentes. Convido todos a participar\u201d, destacou.<\/p>\n<p align=\"justify\">O vereador M\u00f4 Lima (PP) parabenizou o vereador Carl\u00e3o pela iniciativa, refor\u00e7ando que a mat\u00e9ria foi aprovada em um momento prop\u00edcio, \u201cpois a internet se tornou uma terra sem lei\u201d. Ele ainda sugeriu que os tabletes dos alunos do Munic\u00edpio sejam programados para acesso de conte\u00fado especificado para cada idade. O vereador F\u00e1bio Lopes (PL) arguiu que a erotiza\u00e7\u00e3o de crian\u00e7as e adolescentes \u00e9 a porta para a pedofilia. J\u00e1 o autor alertou que \u2018adultiza\u00e7\u00e3o\u2019 \u00e9 o nome da moda, e cobrou mais efic\u00e1cia contra a erotiza\u00e7\u00e3o infantil, combatendo tamb\u00e9m o avan\u00e7o de crimes que atentam contra a dignidade da mulher e de todas as crian\u00e7as.<\/p>\n<p align=\"justify\">Tamb\u00e9m foram aprovados: o PLO\u00a0<a href=\"https:\/\/sapl.joaopessoa.pb.leg.br\/materia\/pesquisar-materia?tipo=1&amp;ementa=&amp;numero=2167&amp;numeracao__numero_materia=&amp;numero_protocolo=&amp;ano=2024&amp;autoria__autor=&amp;autoria__primeiro_autor=unknown&amp;autoria__autor__tipo=&amp;autoria__autor__parlamentar_set__filiacao__partido=&amp;o=&amp;tipo_listagem=1&amp;tipo_origem_externa=&amp;numero_origem_externa=&amp;ano_origem_externa=&amp;data_origem_externa_0=&amp;data_origem_externa_1=&amp;local_origem_externa=&amp;data_apresentacao_0=&amp;data_apresentacao_1=&amp;data_publicacao_0=&amp;data_publicacao_1=&amp;relatoria__parlamentar_id=&amp;em_tramitacao=&amp;tramitacao__unidade_tramitacao_destino=&amp;tramitacao__status=&amp;materiaassunto__assunto=&amp;indexacao=&amp;regime_tramitacao=&amp;salvar=Pesquisar\" target=\"_blank\" rel=\"noopener\" data-saferedirecturl=\"https:\/\/www.google.com\/url?q=https:\/\/sapl.joaopessoa.pb.leg.br\/materia\/pesquisar-materia?tipo%3D1%26ementa%3D%26numero%3D2167%26numeracao__numero_materia%3D%26numero_protocolo%3D%26ano%3D2024%26autoria__autor%3D%26autoria__primeiro_autor%3Dunknown%26autoria__autor__tipo%3D%26autoria__autor__parlamentar_set__filiacao__partido%3D%26o%3D%26tipo_listagem%3D1%26tipo_origem_externa%3D%26numero_origem_externa%3D%26ano_origem_externa%3D%26data_origem_externa_0%3D%26data_origem_externa_1%3D%26local_origem_externa%3D%26data_apresentacao_0%3D%26data_apresentacao_1%3D%26data_publicacao_0%3D%26data_publicacao_1%3D%26relatoria__parlamentar_id%3D%26em_tramitacao%3D%26tramitacao__unidade_tramitacao_destino%3D%26tramitacao__status%3D%26materiaassunto__assunto%3D%26indexacao%3D%26regime_tramitacao%3D%26salvar%3DPesquisar&amp;source=gmail&amp;ust=1758020371537000&amp;usg=AOvVaw0bSWaBbAoBJ7EPwVSARRKd\">2167\/2024<\/a>, do vereador Dam\u00e1sio Franca (PP), obrigando a presen\u00e7a de profissionais socorristas, devidamente capacitados, nos eventos esportivos realizados em Jo\u00e3o Pessoa; e o PLO\u00a0<a href=\"https:\/\/sapl.joaopessoa.pb.leg.br\/materia\/pesquisar-materia?tipo=1&amp;ementa=&amp;numero=279&amp;numeracao__numero_materia=&amp;numero_protocolo=&amp;ano=2025&amp;autoria__autor=&amp;autoria__primeiro_autor=unknown&amp;autoria__autor__tipo=&amp;autoria__autor__parlamentar_set__filiacao__partido=&amp;o=&amp;tipo_listagem=1&amp;tipo_origem_externa=&amp;numero_origem_externa=&amp;ano_origem_externa=&amp;data_origem_externa_0=&amp;data_origem_externa_1=&amp;local_origem_externa=&amp;data_apresentacao_0=&amp;data_apresentacao_1=&amp;data_publicacao_0=&amp;data_publicacao_1=&amp;relatoria__parlamentar_id=&amp;em_tramitacao=&amp;tramitacao__unidade_tramitacao_destino=&amp;tramitacao__status=&amp;materiaassunto__assunto=&amp;indexacao=&amp;regime_tramitacao=&amp;salvar=Pesquisar\" target=\"_blank\" rel=\"noopener\" data-saferedirecturl=\"https:\/\/www.google.com\/url?q=https:\/\/sapl.joaopessoa.pb.leg.br\/materia\/pesquisar-materia?tipo%3D1%26ementa%3D%26numero%3D279%26numeracao__numero_materia%3D%26numero_protocolo%3D%26ano%3D2025%26autoria__autor%3D%26autoria__primeiro_autor%3Dunknown%26autoria__autor__tipo%3D%26autoria__autor__parlamentar_set__filiacao__partido%3D%26o%3D%26tipo_listagem%3D1%26tipo_origem_externa%3D%26numero_origem_externa%3D%26ano_origem_externa%3D%26data_origem_externa_0%3D%26data_origem_externa_1%3D%26local_origem_externa%3D%26data_apresentacao_0%3D%26data_apresentacao_1%3D%26data_publicacao_0%3D%26data_publicacao_1%3D%26relatoria__parlamentar_id%3D%26em_tramitacao%3D%26tramitacao__unidade_tramitacao_destino%3D%26tramitacao__status%3D%26materiaassunto__assunto%3D%26indexacao%3D%26regime_tramitacao%3D%26salvar%3DPesquisar&amp;source=gmail&amp;ust=1758020371537000&amp;usg=AOvVaw2e1JlZK3ggtapR4j8HTx6I\">279\/2025<\/a>, de R\u00f4mulo Dantas (Mobiliza), estimulando \u00e0 cria\u00e7\u00e3o de Ecopontos, a fim de que possam receber res\u00edduos oriundos da constru\u00e7\u00e3o civil, s\u00f3lidos domiciliares secos, dentre outros, mediante entrega volunt\u00e1ria de pessoas f\u00edsicas ou jur\u00eddicas, no munic\u00edpio de Jo\u00e3o Pessoa, podendo o Poder Executivo realizar parceria p\u00fablico-privada para este fim, dando a correta destina\u00e7\u00e3o final do material.<\/p>\n<p align=\"justify\">CMJP<\/p>\n","protected":false},"excerpt":{"rendered":"<p>A C\u00e2mara Municipal de Jo\u00e3o Pessoa (CMJP) aprovou, na sess\u00e3o ordin\u00e1ria desta quinta-feira (4), um projeto que pretende proibir a realiza\u00e7\u00e3o de dan\u00e7as cujas coreografias sejam obscenas, pornogr\u00e1ficas e\/ou exponham crian\u00e7as e adolescentes \u00e0 erotiza\u00e7\u00e3o precoce, em eventos das escolas municipais. Na vota\u00e7\u00e3o, os vereadores aprovaram 16 Projetos de Lei Ordin\u00e1ria (PLO) e tr\u00eas Projetos &hellip;<\/p>\n","protected":false},"author":1,"featured_media":97627,"comment_status":"open","ping_status":"open","sticky":false,"template":"","format":"standard","meta":{"footnotes":""},"categories":[6],"tags":[],"class_list":["post-135918","post","type-post","status-publish","format-standard","has-post-thumbnail","hentry","category-destaques"],"_links":{"self":[{"href":"https:\/\/iparaiba.com.br\/index.php\/wp-json\/wp\/v2\/posts\/135918","targetHints":{"allow":["GET"]}}],"collection":[{"href":"https:\/\/iparaiba.com.br\/index.php\/wp-json\/wp\/v2\/posts"}],"about":[{"href":"https:\/\/iparaiba.com.br\/index.php\/wp-json\/wp\/v2\/types\/post"}],"author":[{"embeddable":true,"href":"https:\/\/iparaiba.com.br\/index.php\/wp-json\/wp\/v2\/users\/1"}],"replies":[{"embeddable":true,"href":"https:\/\/iparaiba.com.br\/index.php\/wp-json\/wp\/v2\/comments?post=135918"}],"version-history":[{"count":1,"href":"https:\/\/iparaiba.com.br\/index.php\/wp-json\/wp\/v2\/posts\/135918\/revisions"}],"predecessor-version":[{"id":135951,"href":"https:\/\/iparaiba.com.br\/index.php\/wp-json\/wp\/v2\/posts\/135918\/revisions\/135951"}],"wp:featuredmedia":[{"embeddable":true,"href":"https:\/\/iparaiba.com.br\/index.php\/wp-json\/wp\/v2\/media\/97627"}],"wp:attachment":[{"href":"https:\/\/iparaiba.com.br\/index.php\/wp-json\/wp\/v2\/media?parent=135918"}],"wp:term":[{"taxonomy":"category","embeddable":true,"href":"https:\/\/iparaiba.com.br\/index.php\/wp-json\/wp\/v2\/categories?post=135918"},{"taxonomy":"post_tag","embeddable":true,"href":"https:\/\/iparaiba.com.br\/index.php\/wp-json\/wp\/v2\/tags?post=135918"}],"curies":[{"name":"wp","href":"https:\/\/api.w.org\/{rel}","templated":true}]}}