{"id":135917,"date":"2025-09-15T18:10:33","date_gmt":"2025-09-15T21:10:33","guid":{"rendered":"https:\/\/onordeste.com.br\/?p=135914"},"modified":"2025-09-15T18:10:33","modified_gmt":"2025-09-15T21:10:33","slug":"cpi-dos-combustiveis-solicita-apoio-do-ministerio-publico-nas-investigacoes","status":"publish","type":"post","link":"https:\/\/iparaiba.com.br\/index.php\/2025\/09\/15\/cpi-dos-combustiveis-solicita-apoio-do-ministerio-publico-nas-investigacoes\/","title":{"rendered":"CPI dos combust\u00edveis solicita apoio do Minist\u00e9rio P\u00fablico nas investiga\u00e7\u00f5es"},"content":{"rendered":"<p style=\"font-weight: 400;\">\u00a0A Comiss\u00e3o Parlamentar de Inqu\u00e9rito (CPI) instalada para apurar e investigar poss\u00edveis pr\u00e1ticas de cartel entre os postos de combust\u00edveis de Jo\u00e3o Pessoa solicitou apoio do Minist\u00e9rio P\u00fablico da Para\u00edba (MPPB) nas investiga\u00e7\u00f5es. Na manh\u00e3 desta quarta-feira (10), o presidente da CPI dos Combust\u00edveis, vereador Raoni Mendes (DC), protocolou of\u00edcio endere\u00e7ado ao procurador-geral de Justi\u00e7a, Leonardo Quintans, pedindo o compartilhamento de documentos.<\/p>\n<p style=\"font-weight: 400;\">\u201cO primeiro ato da presid\u00eancia da CPI \u00e9 pedir, formalmente, o apoio do Minist\u00e9rio P\u00fablico. Nosso objetivo \u00e9 investigar a fundo poss\u00edveis pr\u00e1ticas de cartel entre os postos de combust\u00edveis e outras condutas anticompetitivas que afetem o mercado e, consequentemente, os consumidores locais\u201d, anunciou Raoni Mendes.<\/p>\n<p style=\"font-weight: 400;\">De acordo com o of\u00edcio protocolado, a complexidade dos fatos a serem apurados no setor de combust\u00edveis requer uma investiga\u00e7\u00e3o aprofundada, com an\u00e1lise de dados t\u00e9cnicos e econ\u00f4micos. \u201cReconhecemos a vasta expertise e os recursos investigativos que o Minist\u00e9rio P\u00fablico da Para\u00edba possui, especialmente em inqu\u00e9ritos e procedimentos relacionados a temas de defesa do consumidor, ordem econ\u00f4mica e probidade administrativa. Nesse contexto, solicitamos formalmente o compartilhamento de informa\u00e7\u00f5es e documentos produzidos ou em tramita\u00e7\u00e3o junto ao Minist\u00e9rio P\u00fablico da Para\u00edba, bem como a valiosa colabora\u00e7\u00e3o de todas as promotorias relacionadas \u00e0 mat\u00e9ria, a exemplo da Promotoria de Defesa do Consumidor\u201d, diz o texto.<\/p>\n<p style=\"font-weight: 400;\">O documento destaca ainda que \u201ca sinergia entre as institui\u00e7\u00f5es \u00e9 crucial para evitar a duplicidade de esfor\u00e7os, otimizar a aplica\u00e7\u00e3o de recursos p\u00fablicos e garantir a m\u00e1xima efetividade na apura\u00e7\u00e3o dos fatos\u201d. \u201cO objetivo comum \u00e9 assegurar a regularidade e a transpar\u00eancia do mercado de combust\u00edveis, protegendo os cidad\u00e3os de Jo\u00e3o Pessoa contra eventuais abusos e ilegalidades. A atua\u00e7\u00e3o conjunta fortalecer\u00e1 o sistema de controle e responsabiliza\u00e7\u00e3o\u201d, conclui.<\/p>\n<p>CMJP<\/p>\n","protected":false},"excerpt":{"rendered":"<p>\u00a0A Comiss\u00e3o Parlamentar de Inqu\u00e9rito (CPI) instalada para apurar e investigar poss\u00edveis pr\u00e1ticas de cartel entre os postos de combust\u00edveis de Jo\u00e3o Pessoa solicitou apoio do Minist\u00e9rio P\u00fablico da Para\u00edba (MPPB) nas investiga\u00e7\u00f5es. Na manh\u00e3 desta quarta-feira (10), o presidente da CPI dos Combust\u00edveis, vereador Raoni Mendes (DC), protocolou of\u00edcio endere\u00e7ado ao procurador-geral de Justi\u00e7a, &hellip;<\/p>\n","protected":false},"author":1,"featured_media":104272,"comment_status":"open","ping_status":"open","sticky":false,"template":"","format":"standard","meta":{"footnotes":""},"categories":[16],"tags":[],"class_list":["post-135917","post","type-post","status-publish","format-standard","has-post-thumbnail","hentry","category-economia"],"_links":{"self":[{"href":"https:\/\/iparaiba.com.br\/index.php\/wp-json\/wp\/v2\/posts\/135917","targetHints":{"allow":["GET"]}}],"collection":[{"href":"https:\/\/iparaiba.com.br\/index.php\/wp-json\/wp\/v2\/posts"}],"about":[{"href":"https:\/\/iparaiba.com.br\/index.php\/wp-json\/wp\/v2\/types\/post"}],"author":[{"embeddable":true,"href":"https:\/\/iparaiba.com.br\/index.php\/wp-json\/wp\/v2\/users\/1"}],"replies":[{"embeddable":true,"href":"https:\/\/iparaiba.com.br\/index.php\/wp-json\/wp\/v2\/comments?post=135917"}],"version-history":[{"count":1,"href":"https:\/\/iparaiba.com.br\/index.php\/wp-json\/wp\/v2\/posts\/135917\/revisions"}],"predecessor-version":[{"id":135950,"href":"https:\/\/iparaiba.com.br\/index.php\/wp-json\/wp\/v2\/posts\/135917\/revisions\/135950"}],"wp:featuredmedia":[{"embeddable":true,"href":"https:\/\/iparaiba.com.br\/index.php\/wp-json\/wp\/v2\/media\/104272"}],"wp:attachment":[{"href":"https:\/\/iparaiba.com.br\/index.php\/wp-json\/wp\/v2\/media?parent=135917"}],"wp:term":[{"taxonomy":"category","embeddable":true,"href":"https:\/\/iparaiba.com.br\/index.php\/wp-json\/wp\/v2\/categories?post=135917"},{"taxonomy":"post_tag","embeddable":true,"href":"https:\/\/iparaiba.com.br\/index.php\/wp-json\/wp\/v2\/tags?post=135917"}],"curies":[{"name":"wp","href":"https:\/\/api.w.org\/{rel}","templated":true}]}}