{"id":135915,"date":"2025-09-15T14:07:54","date_gmt":"2025-09-15T17:07:54","guid":{"rendered":"https:\/\/onordeste.com.br\/?p=135910"},"modified":"2025-09-15T14:07:54","modified_gmt":"2025-09-15T17:07:54","slug":"tcu-promove-evento-sobre-os-35-anos-do-codigo-de-defesa-do-consumidor","status":"publish","type":"post","link":"https:\/\/iparaiba.com.br\/index.php\/2025\/09\/15\/tcu-promove-evento-sobre-os-35-anos-do-codigo-de-defesa-do-consumidor\/","title":{"rendered":"TCU promove evento sobre os 35 anos do C\u00f3digo de Defesa do Consumidor"},"content":{"rendered":"<p>Ao completar 35 anos de vig\u00eancia, o C\u00f3digo de Defesa do Consumidor ser\u00e1 tema de encontro no Tribunal de Contas da Uni\u00e3o (TCU) que discutir\u00e1 como as pr\u00e1ticas consensuais podem contribuir para a melhoria da presta\u00e7\u00e3o dos servi\u00e7os p\u00fablicos. A atividade conta com o apoio institucional da OAB Nacional e ser\u00e1 realizada na pr\u00f3xima quarta-feira (17\/0), das 9h \u00e0s 13h, na sede do TCU, em Bras\u00edlia (DF), com transmiss\u00e3o ao vivo pelo\u00a0<a href=\"https:\/\/www.youtube.com\/live\/xKHI2e3UaD0\" target=\"_blank\" rel=\"noopener\">YouTube<\/a>.<\/p>\n<p>Intitulado \u201c35 anos do C\u00f3digo de Defesa do Consumidor (CDC): Reflex\u00f5es de como o consensualismo pode auxiliar na entrega de servi\u00e7os p\u00fablicos de qualidade ao cidad\u00e3o\u201d, o evento reunir\u00e1 auditores de controle externo, representantes do Judici\u00e1rio, de ag\u00eancias reguladoras e de institui\u00e7\u00f5es de defesa do consumidor. O objetivo \u00e9 debater alternativas que contribuam para a solu\u00e7\u00e3o de demandas estruturais envolvendo servi\u00e7os essenciais, como sa\u00fade, energia, comunica\u00e7\u00e3o, saneamento b\u00e1sico e transporte.<\/p>\n<p>A mesa de abertura contar\u00e1 com a presen\u00e7a do presidente do TCU, ministro Vital do R\u00eago, e do secret\u00e1rio Nacional do Consumidor, Paulo Henrique Pereira. Em seguida, ser\u00e3o realizados dois pain\u00e9is tem\u00e1ticos: O consensualismo como forma de solu\u00e7\u00e3o de demandas estruturais de consumo e A atua\u00e7\u00e3o das ag\u00eancias reguladoras contra abusos do mercado.<\/p>\n","protected":false},"excerpt":{"rendered":"<p>Ao completar 35 anos de vig\u00eancia, o C\u00f3digo de Defesa do Consumidor ser\u00e1 tema de encontro no Tribunal de Contas da Uni\u00e3o (TCU) que discutir\u00e1 como as pr\u00e1ticas consensuais podem contribuir para a melhoria da presta\u00e7\u00e3o dos servi\u00e7os p\u00fablicos. A atividade conta com o apoio institucional da OAB Nacional e ser\u00e1 realizada na pr\u00f3xima quarta-feira &hellip;<\/p>\n","protected":false},"author":1,"featured_media":97401,"comment_status":"open","ping_status":"open","sticky":false,"template":"","format":"standard","meta":{"footnotes":""},"categories":[7],"tags":[],"class_list":["post-135915","post","type-post","status-publish","format-standard","has-post-thumbnail","hentry","category-diversas"],"_links":{"self":[{"href":"https:\/\/iparaiba.com.br\/index.php\/wp-json\/wp\/v2\/posts\/135915","targetHints":{"allow":["GET"]}}],"collection":[{"href":"https:\/\/iparaiba.com.br\/index.php\/wp-json\/wp\/v2\/posts"}],"about":[{"href":"https:\/\/iparaiba.com.br\/index.php\/wp-json\/wp\/v2\/types\/post"}],"author":[{"embeddable":true,"href":"https:\/\/iparaiba.com.br\/index.php\/wp-json\/wp\/v2\/users\/1"}],"replies":[{"embeddable":true,"href":"https:\/\/iparaiba.com.br\/index.php\/wp-json\/wp\/v2\/comments?post=135915"}],"version-history":[{"count":1,"href":"https:\/\/iparaiba.com.br\/index.php\/wp-json\/wp\/v2\/posts\/135915\/revisions"}],"predecessor-version":[{"id":135948,"href":"https:\/\/iparaiba.com.br\/index.php\/wp-json\/wp\/v2\/posts\/135915\/revisions\/135948"}],"wp:featuredmedia":[{"embeddable":true,"href":"https:\/\/iparaiba.com.br\/index.php\/wp-json\/wp\/v2\/media\/97401"}],"wp:attachment":[{"href":"https:\/\/iparaiba.com.br\/index.php\/wp-json\/wp\/v2\/media?parent=135915"}],"wp:term":[{"taxonomy":"category","embeddable":true,"href":"https:\/\/iparaiba.com.br\/index.php\/wp-json\/wp\/v2\/categories?post=135915"},{"taxonomy":"post_tag","embeddable":true,"href":"https:\/\/iparaiba.com.br\/index.php\/wp-json\/wp\/v2\/tags?post=135915"}],"curies":[{"name":"wp","href":"https:\/\/api.w.org\/{rel}","templated":true}]}}