{"id":135894,"date":"2025-09-10T10:47:15","date_gmt":"2025-09-10T13:47:15","guid":{"rendered":"https:\/\/onordeste.com.br\/?p=135847"},"modified":"2025-09-10T10:47:15","modified_gmt":"2025-09-10T13:47:15","slug":"operacao-cariri-sentinela-mandados-de-prisao-sao-cumpridos","status":"publish","type":"post","link":"https:\/\/iparaiba.com.br\/index.php\/2025\/09\/10\/operacao-cariri-sentinela-mandados-de-prisao-sao-cumpridos\/","title":{"rendered":"Opera\u00e7\u00e3o Cariri Sentinela: mandados de pris\u00e3o s\u00e3o cumpridos"},"content":{"rendered":"<p>A For\u00e7a Integrada de Combate \u00e0 Criminalidade Organizada na Para\u00edba (Ficco\/PB) deflagrou a Opera\u00e7\u00e3o Cariri Sentinela, a\u00e7\u00e3o voltada \u00e0 repress\u00e3o qualificada do tr\u00e1fico de entorpecentes e do com\u00e9rcio ilegal de armas nas cidades de S\u00e3o Jo\u00e3o do Cariri\/PB e Monteiro\/PB.<\/p>\n<p>A iniciativa refor\u00e7a a estrat\u00e9gia de enfrentamento estruturado a organiza\u00e7\u00f5es criminosas com atua\u00e7\u00e3o regional e potencial de difus\u00e3o de viol\u00eancia.<\/p>\n<p>Ser\u00e3o cumpridos quatro mandados de pris\u00e3o preventiva e tr\u00eas mandados de busca e apreens\u00e3o, todos expedidos pela 3\u00aa Vara Regional de Garantias de Campina Grande\/PB.<\/p>\n<p>As dilig\u00eancias foram realizadas de forma simult\u00e2nea, observando protocolos operacionais padronizados, com \u00eanfase na interrup\u00e7\u00e3o de fluxos il\u00edcitos e na preserva\u00e7\u00e3o da cadeia de cust\u00f3dia das evid\u00eancias.<\/p>\n<p>A investiga\u00e7\u00e3o apurou que os investigados mantinham atividade relevante voltada ao tr\u00e1fico de drogas, com \u00eanfase em pasta base de coca\u00edna e maconha, al\u00e9m da intermedia\u00e7\u00e3o e circula\u00e7\u00e3o de armamento na regi\u00e3o.<\/p>\n<p>Os elementos informativos coligidos indicam, ainda, tratativas para a comercializa\u00e7\u00e3o de uma metralhadora calibre .30, o que representaria a segunda negocia\u00e7\u00e3o desse tipo de armamento.<\/p>\n<p>Dada a elevada pot\u00eancia de fogo, tal armamento apresenta risco concreto de emprego em ataques a carros-fortes, circunst\u00e2ncia que agrava a amea\u00e7a \u00e0 seguran\u00e7a p\u00fablica e justifica a pronta interven\u00e7\u00e3o estatal.<\/p>\n<p>Os trabalhos investigativos prosseguem com a finalidade de identificar outros part\u00edcipes, mapear eventuais ramifica\u00e7\u00f5es da organiza\u00e7\u00e3o criminosa e aprofundar a responsabilidade penal dos envolvidos, inclusive quanto a fontes de financiamento, rotas log\u00edsticas e v\u00ednculos associativos.<\/p>\n<p>Novas medidas podem ser adotadas conforme a evolu\u00e7\u00e3o da persecu\u00e7\u00e3o penal e a consolida\u00e7\u00e3o de provas.<\/p>\n<p>A denomina\u00e7\u00e3o Cariri Sentinela foi escolhida para enfatizar a vigil\u00e2ncia permanente, a intelig\u00eancia continuada e a resposta c\u00e9lere e coordenada do Estado contra o tr\u00e1fico de drogas e o com\u00e9rcio clandestino de armas na regi\u00e3o do Cariri paraibano, reafirmando o compromisso de prote\u00e7\u00e3o da popula\u00e7\u00e3o e de preserva\u00e7\u00e3o da ordem p\u00fablica.<\/p>\n<p>A Ficco\/PB \u00e9 integrada pela Pol\u00edcia Federal, Pol\u00edcia Civil, Pol\u00edcia Militar, Secretaria Nacional de Pol\u00edticas Penais (Senappen), Secretaria de Estado da Seguran\u00e7a e da Defesa Social da Para\u00edba e Secretaria de Estado da Administra\u00e7\u00e3o Penitenci\u00e1ria da Para\u00edba.<\/p>\n<p>A atua\u00e7\u00e3o conjunta e interinstitucional potencializa o compartilhamento de informa\u00e7\u00f5es, a racionaliza\u00e7\u00e3o de recursos e a efic\u00e1cia das opera\u00e7\u00f5es no combate ao crime organizado.<\/p>\n<p>Ficco\/PB<\/p>\n","protected":false},"excerpt":{"rendered":"<p>A For\u00e7a Integrada de Combate \u00e0 Criminalidade Organizada na Para\u00edba (Ficco\/PB) deflagrou a Opera\u00e7\u00e3o Cariri Sentinela, a\u00e7\u00e3o voltada \u00e0 repress\u00e3o qualificada do tr\u00e1fico de entorpecentes e do com\u00e9rcio ilegal de armas nas cidades de S\u00e3o Jo\u00e3o do Cariri\/PB e Monteiro\/PB. A iniciativa refor\u00e7a a estrat\u00e9gia de enfrentamento estruturado a organiza\u00e7\u00f5es criminosas com atua\u00e7\u00e3o regional e &hellip;<\/p>\n","protected":false},"author":1,"featured_media":123178,"comment_status":"open","ping_status":"open","sticky":false,"template":"","format":"standard","meta":{"footnotes":""},"categories":[13],"tags":[],"class_list":["post-135894","post","type-post","status-publish","format-standard","has-post-thumbnail","hentry","category-policial"],"_links":{"self":[{"href":"https:\/\/iparaiba.com.br\/index.php\/wp-json\/wp\/v2\/posts\/135894","targetHints":{"allow":["GET"]}}],"collection":[{"href":"https:\/\/iparaiba.com.br\/index.php\/wp-json\/wp\/v2\/posts"}],"about":[{"href":"https:\/\/iparaiba.com.br\/index.php\/wp-json\/wp\/v2\/types\/post"}],"author":[{"embeddable":true,"href":"https:\/\/iparaiba.com.br\/index.php\/wp-json\/wp\/v2\/users\/1"}],"replies":[{"embeddable":true,"href":"https:\/\/iparaiba.com.br\/index.php\/wp-json\/wp\/v2\/comments?post=135894"}],"version-history":[{"count":0,"href":"https:\/\/iparaiba.com.br\/index.php\/wp-json\/wp\/v2\/posts\/135894\/revisions"}],"wp:featuredmedia":[{"embeddable":true,"href":"https:\/\/iparaiba.com.br\/index.php\/wp-json\/wp\/v2\/media\/123178"}],"wp:attachment":[{"href":"https:\/\/iparaiba.com.br\/index.php\/wp-json\/wp\/v2\/media?parent=135894"}],"wp:term":[{"taxonomy":"category","embeddable":true,"href":"https:\/\/iparaiba.com.br\/index.php\/wp-json\/wp\/v2\/categories?post=135894"},{"taxonomy":"post_tag","embeddable":true,"href":"https:\/\/iparaiba.com.br\/index.php\/wp-json\/wp\/v2\/tags?post=135894"}],"curies":[{"name":"wp","href":"https:\/\/api.w.org\/{rel}","templated":true}]}}