{"id":135888,"date":"2025-09-12T14:00:39","date_gmt":"2025-09-12T17:00:39","guid":{"rendered":"https:\/\/onordeste.com.br\/?p=135888"},"modified":"2025-09-12T14:00:39","modified_gmt":"2025-09-12T17:00:39","slug":"central-de-transplantes-realiza-programacao-da-campanha-setembro-verde","status":"publish","type":"post","link":"https:\/\/iparaiba.com.br\/index.php\/2025\/09\/12\/central-de-transplantes-realiza-programacao-da-campanha-setembro-verde\/","title":{"rendered":"Central de Transplantes realiza programa\u00e7\u00e3o da Campanha Setembro Verde"},"content":{"rendered":"<p>A Secretaria de Estado da Sa\u00fade, por meio da Central Estadual de Transplantes, est\u00e1 realizando a campanha Setembro Verde 2025, que neste ano traz como tema \u201cViva as Fam\u00edlias Doadoras\u201d. A iniciativa tem como objetivo conscientizar a popula\u00e7\u00e3o sobre a import\u00e2ncia da doa\u00e7\u00e3o de \u00f3rg\u00e3os e tecidos e valorizar a atitude solid\u00e1ria das fam\u00edlias doadoras.<\/p>\n<p>A programa\u00e7\u00e3o conta com atividades em Jo\u00e3o Pessoa e em todo o interior do estado, envolvendo capacita\u00e7\u00e3o profissional, a\u00e7\u00f5es sociais e culturais, al\u00e9m de mobiliza\u00e7\u00e3o direta com a sociedade. A abertura oficial da campanha na Para\u00edba est\u00e1 programada para o pr\u00f3ximo dia 17, \u00e0s 10h, no Centro de Educa\u00e7\u00e3o da Pol\u00edcia Militar da Para\u00edba, em Jo\u00e3o Pessoa.<\/p>\n<p>Segundo a diretora da Central Estadual de Transplantes, Rafaela Dias, a campanha envolve desde a capacita\u00e7\u00e3o de profissionais de sa\u00fade at\u00e9 a mobiliza\u00e7\u00e3o da comunidade, com divulga\u00e7\u00e3o nas m\u00eddias sociais e ve\u00edculos de imprensa. Para ela, a campanha refor\u00e7a o compromisso da Para\u00edba em estimular a cultura da doa\u00e7\u00e3o. \u201cCada fam\u00edlia que autoriza a doa\u00e7\u00e3o de \u00f3rg\u00e3os se torna parte da hist\u00f3ria de outras fam\u00edlias que aguardam por uma chance de viver. Essa \u00e9 uma decis\u00e3o que salva vidas e merece todo reconhecimento\u201d, destacou.<\/p>\n<p>Entre os resultados esperados est\u00e3o o aumento da conscientiza\u00e7\u00e3o sobre a import\u00e2ncia da doa\u00e7\u00e3o e o fortalecimento da imagem da fam\u00edlia doadora como protagonista na transforma\u00e7\u00e3o de vidas.<\/p>\n<p>Atualmente a Para\u00edba conta com uma rede estruturada, incluindo duas aeronaves para transporte de equipes e \u00f3rg\u00e3os, que realiza capta\u00e7\u00e3o e transplantes de cora\u00e7\u00e3o, f\u00edgado, rins e c\u00f3rneas. Em 2025, j\u00e1 foram realizadas 27 doa\u00e7\u00f5es de m\u00faltiplos \u00f3rg\u00e3os e 150 transplantes, sendo 122 de c\u00f3rneas, 14 de f\u00edgado, 6 de cora\u00e7\u00e3o, 4 de medula \u00f3ssea, 3 de rim e 1 de esclera (parte branca do olho).<\/p>\n<p><b>Programa\u00e7\u00e3o da Campanha Setembro Verde 2025<\/b><b>\u00a0<\/b><\/p>\n<p>08\/09 \u2013 Palestra no Departamento de Educa\u00e7\u00e3o F\u00edsica UEPB- Campina Grande \u2013 14h<\/p>\n<p>08\/09 &#8211; Setembro Verde do Sert\u00e3o em Patos &#8211; 15h<\/p>\n<p>09\/09 &#8211; Setembro Verde do Sert\u00e3o em Souza &#8211; 14h30<\/p>\n<p>09\/09 \u2013 Palestra na Escola Cidad\u00e3 Integral Virginius da Gama e Melo e Faculdade Unopar \u2013 Campina Grande \u2013 14h e 19h<\/p>\n<p>11\/09 \u2013 Palestra para dentistas do Curso de Especializa\u00e7\u00e3o em Odontologia Hospitalar \u2013 Jo\u00e3o Pessoa \u2013 19h<\/p>\n<p>15\/09 \u2013 Palestra educativa sobre doa\u00e7\u00e3o de \u00f3rg\u00e3os na Farm\u00e1cia Popular Jo\u00e3o Pessoa \u2013 10h<\/p>\n<p>15\/09 \u2013 Oficina de relaxamento OPO-Jo\u00e3o Pessoa \u2013 13:30h<\/p>\n<p>16\/09 \u2013 Palestra no Hospital da Mulher Dona Creuza Maria Pires \u2013 Jo\u00e3o Pessoa \u2013 09h<\/p>\n<p>16\/09 \u2013 Palestra Unifip \u2013 Campina Grande \u2013 19h<\/p>\n<p>16\/09 \u2013 Palestra Educativa na Escola Menino Jesus- 9:30h<\/p>\n<p>17\/09 \u2013 Abertura Oficial Setembro Verde \u2013 Centro de Educa\u00e7\u00e3o da Pol\u00edcia Militar PB \u2013 Jo\u00e3o Pessoa -10h<\/p>\n<p>17\/09 \u2013 Igreja Betel Zona Sul \u2013 Palestra educativa sobre doa\u00e7\u00e3o de \u00f3rg\u00e3os &#8211; Jo\u00e3o Pessoa \u2013 19h<\/p>\n<p>19\/09 \u2013 Palestra Educativa na Escola Grau T\u00e9cnico \u2013 19:30h<\/p>\n<p>20\/09 \u2013 A\u00e7\u00e3o de conscientiza\u00e7\u00e3o da Liga da UFPB na Lagoa -Jo\u00e3o Pessoa -16h<\/p>\n<p>20\/09 \u2013 A\u00e7\u00e3o social e roda de conversa no Parque da Crian\u00e7a \u2013 Campina Grande \u2013 8h<\/p>\n<p>22\/09 \u2013 A\u00e7\u00e3o Educativa com o Grame &#8211; Jo\u00e3o Pessoa &#8211; 9h<\/p>\n<p>23\/09 \u2013 A\u00e7\u00e3o com a CIHDOTT do Hospital Nossa Senhora das Neves \u2013 Jo\u00e3o Pessoa \u2013 9h<\/p>\n<p>24 e 25\/09 \u2013 III Encontro de CIHDOTTs Unifacisa &#8211; Campina Grande, das 8h \u00e0s 17h<\/p>\n<p>26\/09- Palestra Educativa sobre Doa\u00e7\u00e3o de \u00d3rg\u00e3os na ECIT, em Santa Rita &#8211; 9h30<\/p>\n<p>26\/09 \u2013 Mostra fotogr\u00e1fica interativa sobre transplantes, na sede da Secretaria de Estado da Sa\u00fade \u2013 Jo\u00e3o Pessoa -9h<\/p>\n<p>26\/09 &#8211; Palestra Educativa na UPA Banc\u00e1rios \u2013 Jo\u00e3o Pessoa \u2013 10h<\/p>\n<p>27\/09 \u2013 A\u00e7\u00e3o de conscientiza\u00e7\u00e3o na Praia do Jacar\u00e9 &#8211; Cabedelo &#8211; 16h<\/p>\n<p>27\/09 \u2013 A\u00e7\u00e3o de conscientiza\u00e7\u00e3o na Praia de Cabo Branco &#8211; 6h<\/p>\n<p>29\/09 &#8211; A\u00e7\u00e3o de Conscientiza\u00e7\u00e3o no Hospital Arlinda Marques \u2013 10h<\/p>\n<p>29\/09 \u2013 Palestra Educativa na Escola 11 de Outubro e Unifacisa \u2013 Campina Grande \u2013 9h<\/p>\n<p>30\/09 \u2013 Palestra para profissionais da regional Samu \u2013 Jo\u00e3o Pessoa \u2013 9h<\/p>\n<p>30\/09 &#8211; Capacita\u00e7\u00e3o interna \u2013 Jo\u00e3o Pessoa \u2013 10h<\/p>\n<p>30\/09 &#8211; Palestra Educativa na Escola Cidad\u00e3 Integral Br\u00e1ulio Maia \u2013 14h<\/p>\n","protected":false},"excerpt":{"rendered":"<p>A Secretaria de Estado da Sa\u00fade, por meio da Central Estadual de Transplantes, est\u00e1 realizando a campanha Setembro Verde 2025, que neste ano traz como tema \u201cViva as Fam\u00edlias Doadoras\u201d. A iniciativa tem como objetivo conscientizar a popula\u00e7\u00e3o sobre a import\u00e2ncia da doa\u00e7\u00e3o de \u00f3rg\u00e3os e tecidos e valorizar a atitude solid\u00e1ria das fam\u00edlias doadoras. &hellip;<\/p>\n","protected":false},"author":1,"featured_media":106738,"comment_status":"open","ping_status":"open","sticky":false,"template":"","format":"standard","meta":{"footnotes":""},"categories":[2],"tags":[],"class_list":["post-135888","post","type-post","status-publish","format-standard","has-post-thumbnail","hentry","category-saude"],"_links":{"self":[{"href":"https:\/\/iparaiba.com.br\/index.php\/wp-json\/wp\/v2\/posts\/135888","targetHints":{"allow":["GET"]}}],"collection":[{"href":"https:\/\/iparaiba.com.br\/index.php\/wp-json\/wp\/v2\/posts"}],"about":[{"href":"https:\/\/iparaiba.com.br\/index.php\/wp-json\/wp\/v2\/types\/post"}],"author":[{"embeddable":true,"href":"https:\/\/iparaiba.com.br\/index.php\/wp-json\/wp\/v2\/users\/1"}],"replies":[{"embeddable":true,"href":"https:\/\/iparaiba.com.br\/index.php\/wp-json\/wp\/v2\/comments?post=135888"}],"version-history":[{"count":1,"href":"https:\/\/iparaiba.com.br\/index.php\/wp-json\/wp\/v2\/posts\/135888\/revisions"}],"predecessor-version":[{"id":135909,"href":"https:\/\/iparaiba.com.br\/index.php\/wp-json\/wp\/v2\/posts\/135888\/revisions\/135909"}],"wp:featuredmedia":[{"embeddable":true,"href":"https:\/\/iparaiba.com.br\/index.php\/wp-json\/wp\/v2\/media\/106738"}],"wp:attachment":[{"href":"https:\/\/iparaiba.com.br\/index.php\/wp-json\/wp\/v2\/media?parent=135888"}],"wp:term":[{"taxonomy":"category","embeddable":true,"href":"https:\/\/iparaiba.com.br\/index.php\/wp-json\/wp\/v2\/categories?post=135888"},{"taxonomy":"post_tag","embeddable":true,"href":"https:\/\/iparaiba.com.br\/index.php\/wp-json\/wp\/v2\/tags?post=135888"}],"curies":[{"name":"wp","href":"https:\/\/api.w.org\/{rel}","templated":true}]}}