{"id":135885,"date":"2025-09-12T12:00:57","date_gmt":"2025-09-12T15:00:57","guid":{"rendered":"https:\/\/onordeste.com.br\/?p=135885"},"modified":"2025-09-12T12:00:57","modified_gmt":"2025-09-12T15:00:57","slug":"expofeira-comeca-deve-gerar-r-50-milhoes-em-negocios","status":"publish","type":"post","link":"https:\/\/iparaiba.com.br\/index.php\/2025\/09\/12\/expofeira-comeca-deve-gerar-r-50-milhoes-em-negocios\/","title":{"rendered":"Expofeira come\u00e7a deve gerar R$ 50 milh\u00f5es em neg\u00f3cios"},"content":{"rendered":"<p align=\"justify\">A Expofeira Para\u00edba Agroneg\u00f3cios 2025, em Jo\u00e3o Pessoa, come\u00e7a neste domingo (14), no Parque de Exposi\u00e7\u00f5es Henrique Vieira de Melo, no Cristo Redentor, \u00e0s margens da BR-230. A abertura oficial ser\u00e1 \u00e0s 18h. A expectativa \u00e9 de m\u00e9dia di\u00e1ria de p\u00fablico de 15 mil pessoas e que sejam fechados R$ 50 milh\u00f5es em neg\u00f3cios, durante os oito dias de realiza\u00e7\u00e3o do evento.<\/p>\n<p align=\"justify\">A exposi\u00e7\u00e3o \u00e9 uma realiza\u00e7\u00e3o do Governo da Para\u00edba, por meio da Secretaria de Estado do Desenvolvimento da Agropecu\u00e1ria e da Pesca (Sedap-PB), em parceria com Sebrae-PB, Associa\u00e7\u00e3o Paraibana dos Criadores de Caprinos e Ovinos (Apacco), Federa\u00e7\u00e3o de Agricultura da Para\u00edba (Faepa-PB) Sistema Nacional de Aprendizagem Rural (Senar-PB), Governo Federal e Banco do Nordeste.<\/p>\n<p align=\"justify\">A Sedap-PB realiza v\u00e1rias a\u00e7\u00f5es de projetos desenvolvidos pela pasta. Palestras, debates, distribui\u00e7\u00e3o de alevinos e a realiza\u00e7\u00e3o de uma reuni\u00e3o do F\u00f3rum Estadual de Secret\u00e1rios e Secret\u00e1rias de Agricultura da Para\u00edba (Fessargi) est\u00e3o na programa\u00e7\u00e3o.<\/p>\n<p align=\"justify\">O secret\u00e1rio da Sedap-PB, Joaquim Hugo, ressalta que a Expofeira \u00e9 o maior evento do calend\u00e1rio do Circuito Para\u00edba Agroneg\u00f3cios, composto por mais de 60 eventos ao longo do ano e por onde vai passar cerca de 1 milh\u00e3o de pessoas. \u201c\u00c9 uma festa completa, que agrega muito p\u00fablico, que vai poder ver os animais, tem gastronomia regional, palestras, passeio de p\u00f4nei para as crian\u00e7as, parque de divers\u00e3o, al\u00e9m de ser um espa\u00e7o que gera muitos neg\u00f3cios. \u00c9 um espa\u00e7o que dinamiza o agroneg\u00f3cio e aproxima produtores, investidores e consumidores\u201d, enfatiza.<\/p>\n<p align=\"justify\">A entrada da Expofeira Para\u00edba Agroneg\u00f3cios 2025 \u00e9 gratuita. Uma novidade deste ano \u00e9 que o hor\u00e1rio em dias de shows ser\u00e1 ampliado at\u00e9 meia-noite e meia. Nas demais datas do evento, a visita\u00e7\u00e3o ser\u00e1 das 10h \u00e0s 22h.<\/p>\n<p align=\"justify\">A previs\u00e3o \u00e9 que estar\u00e3o expostos ao longo do evento mais de 2,1 mil animais de v\u00e1rias ra\u00e7as. Desse total, ser\u00e3o 770 bovinos, 590 caprinos e ovinos, 430 cavalos mangalarga marchador, 145 minigado e 84 c\u00e3es de v\u00e1rias ra\u00e7as expostos atrav\u00e9s do Kenel Club da Para\u00edba. Durante o evento, haver\u00e1 a Expo Anglo Nacional 2025, mostra da ra\u00e7a caprina anglo nubiana.<\/p>\n<p align=\"justify\">A Expofeira Para\u00edba Agroneg\u00f3cios 2025 ter\u00e1, ainda, na sua programa\u00e7\u00e3o, a realiza\u00e7\u00e3o de cursos ligados ao agroneg\u00f3cio, um agroshopping com exposi\u00e7\u00e3o e comercializa\u00e7\u00e3o de m\u00e1quinas, equipamentos e insumos, gastronomia regional com restaurantes e barracas t\u00edpicas, feira de artesanato, parque de divers\u00e3o e shows musicais.<\/p>\n<p align=\"justify\"><b>Confira as atra\u00e7\u00f5es musicais:<\/b><\/p>\n<p align=\"justify\"><b>Domingo, dia 14<\/b>\u00a0\u2013 Vin\u00edcius Mendes<\/p>\n<p align=\"justify\"><b>Quinta-feira, dia 18<\/b>\u00a0\u2013 Rodolfo Marinho<\/p>\n<p align=\"justify\"><b>Sexta-feira, dia 19\u00a0<\/b>\u2013 Donas da Farra &amp; Filipe Melo<\/p>\n<p align=\"justify\"><b>S\u00e1bado, dia 20<\/b>\u00a0\u2013 Gabriel Rabelo &amp; Danieze Santiago<\/p>\n<p align=\"justify\"><b>Domingo, dia 21<\/b>\u00a0\u2013 Mauricinho dos Teclados, Pedrinho do Xote &amp; Daniel Almeida<\/p>\n","protected":false},"excerpt":{"rendered":"<p>A Expofeira Para\u00edba Agroneg\u00f3cios 2025, em Jo\u00e3o Pessoa, come\u00e7a neste domingo (14), no Parque de Exposi\u00e7\u00f5es Henrique Vieira de Melo, no Cristo Redentor, \u00e0s margens da BR-230. A abertura oficial ser\u00e1 \u00e0s 18h. A expectativa \u00e9 de m\u00e9dia di\u00e1ria de p\u00fablico de 15 mil pessoas e que sejam fechados R$ 50 milh\u00f5es em neg\u00f3cios, durante &hellip;<\/p>\n","protected":false},"author":1,"featured_media":104130,"comment_status":"open","ping_status":"open","sticky":false,"template":"","format":"standard","meta":{"footnotes":""},"categories":[15],"tags":[],"class_list":["post-135885","post","type-post","status-publish","format-standard","has-post-thumbnail","hentry","category-links"],"_links":{"self":[{"href":"https:\/\/iparaiba.com.br\/index.php\/wp-json\/wp\/v2\/posts\/135885","targetHints":{"allow":["GET"]}}],"collection":[{"href":"https:\/\/iparaiba.com.br\/index.php\/wp-json\/wp\/v2\/posts"}],"about":[{"href":"https:\/\/iparaiba.com.br\/index.php\/wp-json\/wp\/v2\/types\/post"}],"author":[{"embeddable":true,"href":"https:\/\/iparaiba.com.br\/index.php\/wp-json\/wp\/v2\/users\/1"}],"replies":[{"embeddable":true,"href":"https:\/\/iparaiba.com.br\/index.php\/wp-json\/wp\/v2\/comments?post=135885"}],"version-history":[{"count":1,"href":"https:\/\/iparaiba.com.br\/index.php\/wp-json\/wp\/v2\/posts\/135885\/revisions"}],"predecessor-version":[{"id":135908,"href":"https:\/\/iparaiba.com.br\/index.php\/wp-json\/wp\/v2\/posts\/135885\/revisions\/135908"}],"wp:featuredmedia":[{"embeddable":true,"href":"https:\/\/iparaiba.com.br\/index.php\/wp-json\/wp\/v2\/media\/104130"}],"wp:attachment":[{"href":"https:\/\/iparaiba.com.br\/index.php\/wp-json\/wp\/v2\/media?parent=135885"}],"wp:term":[{"taxonomy":"category","embeddable":true,"href":"https:\/\/iparaiba.com.br\/index.php\/wp-json\/wp\/v2\/categories?post=135885"},{"taxonomy":"post_tag","embeddable":true,"href":"https:\/\/iparaiba.com.br\/index.php\/wp-json\/wp\/v2\/tags?post=135885"}],"curies":[{"name":"wp","href":"https:\/\/api.w.org\/{rel}","templated":true}]}}