{"id":135883,"date":"2025-09-12T10:00:56","date_gmt":"2025-09-12T13:00:56","guid":{"rendered":"https:\/\/onordeste.com.br\/?p=135883"},"modified":"2025-09-12T10:00:56","modified_gmt":"2025-09-12T13:00:56","slug":"lula-sanciona-lei-que-institui-o-novembro-roxo","status":"publish","type":"post","link":"https:\/\/iparaiba.com.br\/index.php\/2025\/09\/12\/lula-sanciona-lei-que-institui-o-novembro-roxo\/","title":{"rendered":"Lula sanciona lei que institui o Novembro Roxo"},"content":{"rendered":"<div class=\"texto-conteudo\">\n<div>\n<p>O presidente Luiz In\u00e1cio Lula da Silva sancionou a\u00a0<a class=\"external-link\" title=\"\" href=\"https:\/\/www.in.gov.br\/en\/web\/dou\/-\/lei-n-15.198-de-8-de-setembro-de-2025-653986012\" target=\"_blank\" rel=\"noopener\" data-tippreview-enabled=\"false\" data-tippreview-image=\"\" data-tippreview-title=\"\">Lei n\u00ba 15.198\/2025\u00a0<\/a>, que disp\u00f5e sobre medidas de enfrentamento do parto prematuro e institui o Novembro Roxo, o Dia Nacional da Prematuridade, a ser celebrado em 17 de novembro, e a Semana da Prematuridade. A nova legisla\u00e7\u00e3o, publicada no Di\u00e1rio Oficial da Uni\u00e3o desta ter\u00e7a-feira (9\/9), determina como prioridade do poder p\u00fablico a sa\u00fade e a redu\u00e7\u00e3o dos \u00edndices de mortalidade das crian\u00e7as prematuras e da mortalidade materna.<\/p>\n<p>A Lei estabelece que, durante o pr\u00e9-natal, as equipes de rede de sa\u00fade devem alertar as gestantes sobre os sinais e os sintomas de trabalho de parto prematuro, al\u00e9m de identificar, tratar e acompanhar gestantes com fatores de riscos.<\/p>\n<p><strong>CLASSIFICA\u00c7\u00c3O\u00a0<\/strong>\u2014 O texto considera como prematuras as crian\u00e7as nascidas com menos de 37 semanas de gesta\u00e7\u00e3o e define as classifica\u00e7\u00f5es de prematuridade em extrema, para nascimentos antes de 28 semanas; moderada, para nascimentos entre 28 e 31 semanas e seis dias; e tardia, para nascimentos entre 32 e 36 semanas e seis dias. Al\u00e9m disso, dever\u00e1 ser considerado o peso do beb\u00ea no momento do nascimento.<\/p>\n<p><strong>CUIDADOS B\u00c1SICOS\u00a0<\/strong>\u2014 A lei determina que o Poder Executivo poder\u00e1 estabelecer normas de cuidado b\u00e1sicos a serem seguidos pelas unidades de sa\u00fade, contemplando medidas como a utiliza\u00e7\u00e3o do m\u00e9todo canguru, a presen\u00e7a de profissional treinado em reanima\u00e7\u00e3o neonatal, o direito dos pais de acompanhar cuidados em tempo integral, atendimento em UTI especializada, acompanhamento p\u00f3s-alta at\u00e9, no m\u00ednimo, dois anos de idade, e a prioridade de atendimento e apoio psicol\u00f3gico aos pais durante a interna\u00e7\u00e3o do beb\u00ea.<\/p>\n<p>A equipe hospitalar tamb\u00e9m dever\u00e1 orientar e treinar os pais de rec\u00e9m-nascidos prematuros sobre seus cuidados e necessidades especiais e encaminh\u00e1-los a servi\u00e7os de refer\u00eancia.<\/p>\n<p><strong>NOVEMBRO ROXO\u00a0<\/strong>\u2014 O texto sancionado institui ainda ampla mobiliza\u00e7\u00e3o nacional durante o m\u00eas de novembro, o Novembro Roxo, com foco na preven\u00e7\u00e3o do parto prematuro, na conscientiza\u00e7\u00e3o sobre os riscos e na prote\u00e7\u00e3o dos direitos das crian\u00e7as prematuras e suas fam\u00edlias. A semana do dia 17 de novembro ser\u00e1 a Semana da Prematuridade, com a\u00e7\u00f5es que incluem ilumina\u00e7\u00e3o de pr\u00e9dios p\u00fablicos com a cor roxa, palestras e atividades educativas, campanhas de m\u00eddia e realiza\u00e7\u00e3o de eventos.<\/p>\n<p>As atividades dever\u00e3o ser realizadas em parceria com institui\u00e7\u00f5es p\u00fablicas, privadas, movimentos sociais e organismos internacionais. A Lei entra em vigor em 120 dias ap\u00f3s a publica\u00e7\u00e3o.<\/p>\n<\/div>\n<\/div>\n<p><a class=\"materia-original\" href=\"https:\/\/www.gov.br\/planalto\/pt-br\/acompanhe-o-planalto\/noticias\/2025\/09\/lula-sanciona-lei-que-fortalece-acoes-de-enfrentamento-do-parto-prematuro-e-institui-o-novembro-roxo\" target=\"_blank\" rel=\"noopener\">Link: https:\/\/www.gov.br\/planalto\/pt-br\/acompanhe-o-planalto\/noticias\/2025\/09\/lula-sanciona-lei-que-fortalece-acoes-de-enfrentamento-do-parto-prematuro-e-institui-o-novembro-roxo<\/a><\/p>\n","protected":false},"excerpt":{"rendered":"<p>O presidente Luiz In\u00e1cio Lula da Silva sancionou a\u00a0Lei n\u00ba 15.198\/2025\u00a0, que disp\u00f5e sobre medidas de enfrentamento do parto prematuro e institui o Novembro Roxo, o Dia Nacional da Prematuridade, a ser celebrado em 17 de novembro, e a Semana da Prematuridade. A nova legisla\u00e7\u00e3o, publicada no Di\u00e1rio Oficial da Uni\u00e3o desta ter\u00e7a-feira (9\/9), determina &hellip;<\/p>\n","protected":false},"author":1,"featured_media":97560,"comment_status":"open","ping_status":"open","sticky":false,"template":"","format":"standard","meta":{"footnotes":""},"categories":[2],"tags":[],"class_list":["post-135883","post","type-post","status-publish","format-standard","has-post-thumbnail","hentry","category-saude"],"_links":{"self":[{"href":"https:\/\/iparaiba.com.br\/index.php\/wp-json\/wp\/v2\/posts\/135883","targetHints":{"allow":["GET"]}}],"collection":[{"href":"https:\/\/iparaiba.com.br\/index.php\/wp-json\/wp\/v2\/posts"}],"about":[{"href":"https:\/\/iparaiba.com.br\/index.php\/wp-json\/wp\/v2\/types\/post"}],"author":[{"embeddable":true,"href":"https:\/\/iparaiba.com.br\/index.php\/wp-json\/wp\/v2\/users\/1"}],"replies":[{"embeddable":true,"href":"https:\/\/iparaiba.com.br\/index.php\/wp-json\/wp\/v2\/comments?post=135883"}],"version-history":[{"count":1,"href":"https:\/\/iparaiba.com.br\/index.php\/wp-json\/wp\/v2\/posts\/135883\/revisions"}],"predecessor-version":[{"id":135907,"href":"https:\/\/iparaiba.com.br\/index.php\/wp-json\/wp\/v2\/posts\/135883\/revisions\/135907"}],"wp:featuredmedia":[{"embeddable":true,"href":"https:\/\/iparaiba.com.br\/index.php\/wp-json\/wp\/v2\/media\/97560"}],"wp:attachment":[{"href":"https:\/\/iparaiba.com.br\/index.php\/wp-json\/wp\/v2\/media?parent=135883"}],"wp:term":[{"taxonomy":"category","embeddable":true,"href":"https:\/\/iparaiba.com.br\/index.php\/wp-json\/wp\/v2\/categories?post=135883"},{"taxonomy":"post_tag","embeddable":true,"href":"https:\/\/iparaiba.com.br\/index.php\/wp-json\/wp\/v2\/tags?post=135883"}],"curies":[{"name":"wp","href":"https:\/\/api.w.org\/{rel}","templated":true}]}}