{"id":135881,"date":"2025-09-12T08:00:20","date_gmt":"2025-09-12T11:00:20","guid":{"rendered":"https:\/\/onordeste.com.br\/?p=135881"},"modified":"2025-09-12T08:00:20","modified_gmt":"2025-09-12T11:00:20","slug":"sancionada-lei-que-fortalece-acoes-de-prevencao-ao-suicidio-e-a-automutilacao","status":"publish","type":"post","link":"https:\/\/iparaiba.com.br\/index.php\/2025\/09\/12\/sancionada-lei-que-fortalece-acoes-de-prevencao-ao-suicidio-e-a-automutilacao\/","title":{"rendered":"Sancionada lei que fortalece a\u00e7\u00f5es de preven\u00e7\u00e3o ao suic\u00eddio e \u00e0 automutila\u00e7\u00e3o"},"content":{"rendered":"<div class=\"texto-conteudo\">\n<div>\n<p>O presidente Luiz In\u00e1cio Lula da Silva sancionou a lei que institui a campanha Setembro Amarelo, estabelecendo o m\u00eas de setembro como per\u00edodo de mobiliza\u00e7\u00e3o nacional voltado \u00e0 promo\u00e7\u00e3o da sa\u00fade mental e \u00e0 conscientiza\u00e7\u00e3o sobre a preven\u00e7\u00e3o da automutila\u00e7\u00e3o e do suic\u00eddio. A medida foi publicada nesta ter\u00e7a-feira (9\/9), no\u00a0<a class=\"external-link\" title=\"\" href=\"https:\/\/www.in.gov.br\/en\/web\/dou\/-\/lei-n-15.199-de-8-de-setembro-de-2025-653990096\" target=\"_blank\" rel=\"noopener\" data-tippreview-enabled=\"false\" data-tippreview-image=\"\" data-tippreview-title=\"\">Di\u00e1rio Oficial da Uni\u00e3o\u00a0<\/a>.<\/p>\n<p>A nova legisla\u00e7\u00e3o tamb\u00e9m cria duas datas de refer\u00eancia: 10 de setembro como o Dia Nacional de Preven\u00e7\u00e3o do Suic\u00eddio e 17 de setembro como o Dia Nacional de Preven\u00e7\u00e3o da Automutila\u00e7\u00e3o. Os marcos t\u00eam como objetivo ampliar o debate p\u00fablico, reduzir estigmas e estimular a busca por profissionais.<\/p>\n<p>Durante o m\u00eas, o Governo do Brasil, em parceria com institui\u00e7\u00f5es, organiza\u00e7\u00f5es da sociedade civil e escolas, promover\u00e1 palestras, campanhas educativas, atividades comunit\u00e1rias e a\u00e7\u00f5es de comunica\u00e7\u00e3o, al\u00e9m da ilumina\u00e7\u00e3o de pr\u00e9dios p\u00fablicos com a cor amarela, s\u00edmbolo da mobiliza\u00e7\u00e3o.<\/p>\n<p>De acordo com a lei, a campanha busca informar sobre riscos, oferecer orienta\u00e7\u00e3o sobre recursos dispon\u00edveis de apoio e tratamento, e fortalecer a empatia e o acolhimento \u00e0s pessoas que enfrentam desafios relacionados \u00e0 automutila\u00e7\u00e3o e \u00e0 idea\u00e7\u00e3o suicida.<\/p>\n<p><strong>CAPS\u00a0<\/strong>\u2014 Os Centros de Aten\u00e7\u00e3o Psicossocial (CAPS) oferecem servi\u00e7os com equipes especializadas para atender as necessidades de sa\u00fade mental da popula\u00e7\u00e3o, incluindo pessoas que passam por desafios relacionados ao uso de \u00e1lcool e outras drogas. Trabalham de portas abertas e articulados a toda a rede do Sistema \u00danico de Sa\u00fade (SUS), da Aten\u00e7\u00e3o Prim\u00e1ria \u00e0 Urg\u00eancia e Emerg\u00eancia e aten\u00e7\u00e3o hospitalar. Os CAPS contam com equipes multiprofissionais de m\u00e9dicos, enfermeiros, psic\u00f3logos, terapeutas ocupacionais, assistentes sociais e t\u00e9cnicos de enfermagem. Al\u00e9m de receber residentes de diversas \u00e1reas da sa\u00fade.<\/p>\n<p><strong>BUSQUE AJUDA\u00a0<\/strong>\u2014 O atendimento nos CAPS est\u00e1 dispon\u00edvel para qualquer pessoa que precise de suporte, e pode ser acessado de forma espont\u00e2nea ou por encaminhamento de outros servi\u00e7os da rede de sa\u00fade. J\u00e1 nas Unidades de Acolhimento, Servi\u00e7o Residencial Terap\u00eautico e dos hospitais gerais, \u00e9 obrigat\u00f3rio o encaminhamento de outras unidades de sa\u00fade, como as Unidades B\u00e1sicas de Sa\u00fade (UBS).<\/p>\n<h4><strong>Modalidades dos CAPS<\/strong><\/h4>\n<ul>\n<li>CAPS I: Atende pessoas de todas as faixas et\u00e1rias com sofrimento ps\u00edquico grave. Indicado para regi\u00f5es com mais de 15 mil habitantes;<\/li>\n<li>CAPS II: Atende pessoas com sofrimento ps\u00edquico decorrente de problemas mentais graves e persistentes. Indicado para regi\u00f5es com mais de 70 mil habitantes;<\/li>\n<li>CAPS i: Atende crian\u00e7as e adolescentes com sofrimento ps\u00edquico decorrente de problemas mentais graves e persistentes. Indicado para regi\u00f5es com mais de 70 mil habitantes;<\/li>\n<li>CAPS AD: \u00c1lcool e Drogas: Atende todas as faixas et\u00e1rias com sofrimento ps\u00edquico por uso de \u00e1lcool e outras drogas. Indicado para regi\u00f5es com mais de 70 mil habitantes;<\/li>\n<li>CAPS III: Oferece aten\u00e7\u00e3o cont\u00ednua, com funcionamento 24 horas, acolhimento noturno e outros servi\u00e7os de sa\u00fade mental.<\/li>\n<li>CAPS AD III: \u00c1lcool e Drogas: Atende adultos, crian\u00e7as e adolescentes em sofrimento ps\u00edquico intenso que necessitam de cuidados cl\u00ednicos cont\u00ednuos<\/li>\n<\/ul>\n<\/div>\n<\/div>\n<p><a class=\"materia-original\" href=\"https:\/\/www.gov.br\/planalto\/pt-br\/acompanhe-o-planalto\/noticias\/2025\/09\/presidente-lula-sanciona-lei-que-fortalece-acoes-de-prevencao-ao-suicidio-e-a-automutilacao\" target=\"_blank\" rel=\"noopener\">Link: https:\/\/www.gov.br\/planalto\/pt-br\/acompanhe-o-planalto\/noticias\/2025\/09\/presidente-lula-sanciona-lei-que-fortalece-acoes-de-prevencao-ao-suicidio-e-a-automutilacao<\/a><\/p>\n","protected":false},"excerpt":{"rendered":"<p>O presidente Luiz In\u00e1cio Lula da Silva sancionou a lei que institui a campanha Setembro Amarelo, estabelecendo o m\u00eas de setembro como per\u00edodo de mobiliza\u00e7\u00e3o nacional voltado \u00e0 promo\u00e7\u00e3o da sa\u00fade mental e \u00e0 conscientiza\u00e7\u00e3o sobre a preven\u00e7\u00e3o da automutila\u00e7\u00e3o e do suic\u00eddio. A medida foi publicada nesta ter\u00e7a-feira (9\/9), no\u00a0Di\u00e1rio Oficial da Uni\u00e3o\u00a0. A &hellip;<\/p>\n","protected":false},"author":1,"featured_media":134242,"comment_status":"open","ping_status":"open","sticky":false,"template":"","format":"standard","meta":{"footnotes":""},"categories":[2],"tags":[],"class_list":["post-135881","post","type-post","status-publish","format-standard","has-post-thumbnail","hentry","category-saude"],"_links":{"self":[{"href":"https:\/\/iparaiba.com.br\/index.php\/wp-json\/wp\/v2\/posts\/135881","targetHints":{"allow":["GET"]}}],"collection":[{"href":"https:\/\/iparaiba.com.br\/index.php\/wp-json\/wp\/v2\/posts"}],"about":[{"href":"https:\/\/iparaiba.com.br\/index.php\/wp-json\/wp\/v2\/types\/post"}],"author":[{"embeddable":true,"href":"https:\/\/iparaiba.com.br\/index.php\/wp-json\/wp\/v2\/users\/1"}],"replies":[{"embeddable":true,"href":"https:\/\/iparaiba.com.br\/index.php\/wp-json\/wp\/v2\/comments?post=135881"}],"version-history":[{"count":1,"href":"https:\/\/iparaiba.com.br\/index.php\/wp-json\/wp\/v2\/posts\/135881\/revisions"}],"predecessor-version":[{"id":135906,"href":"https:\/\/iparaiba.com.br\/index.php\/wp-json\/wp\/v2\/posts\/135881\/revisions\/135906"}],"wp:featuredmedia":[{"embeddable":true,"href":"https:\/\/iparaiba.com.br\/index.php\/wp-json\/wp\/v2\/media\/134242"}],"wp:attachment":[{"href":"https:\/\/iparaiba.com.br\/index.php\/wp-json\/wp\/v2\/media?parent=135881"}],"wp:term":[{"taxonomy":"category","embeddable":true,"href":"https:\/\/iparaiba.com.br\/index.php\/wp-json\/wp\/v2\/categories?post=135881"},{"taxonomy":"post_tag","embeddable":true,"href":"https:\/\/iparaiba.com.br\/index.php\/wp-json\/wp\/v2\/tags?post=135881"}],"curies":[{"name":"wp","href":"https:\/\/api.w.org\/{rel}","templated":true}]}}