{"id":135877,"date":"2025-09-11T18:00:40","date_gmt":"2025-09-11T21:00:40","guid":{"rendered":"https:\/\/onordeste.com.br\/?p=135877"},"modified":"2025-09-11T18:00:40","modified_gmt":"2025-09-11T21:00:40","slug":"obras-hidricas-fortalecem-a-resiliencia-do-semiarido-diante-da-emergencia-climatica","status":"publish","type":"post","link":"https:\/\/iparaiba.com.br\/index.php\/2025\/09\/11\/obras-hidricas-fortalecem-a-resiliencia-do-semiarido-diante-da-emergencia-climatica\/","title":{"rendered":"Obras h\u00eddricas fortalecem a resili\u00eancia do semi\u00e1rido diante da emerg\u00eancia clim\u00e1tica"},"content":{"rendered":"<div class=\"texto-conteudo\">\n<div>\n<p data-pm-slice=\"0 0 []\" data-prosemirror-content-type=\"node\" data-prosemirror-node-block=\"true\" data-prosemirror-node-name=\"paragraph\">A emerg\u00eancia clim\u00e1tica imp\u00f5e desafios cada vez mais severos ao semi\u00e1rido nordestino, com longos per\u00edodos de estiagem, escassez h\u00eddrica e impactos socioecon\u00f4micos. Diante desse cen\u00e1rio, o Minist\u00e9rio da Integra\u00e7\u00e3o e do Desenvolvimento Regional (MIDR), est\u00e1 ampliando os investimentos em obras h\u00eddricas estruturantes para garantir seguran\u00e7a h\u00eddrica e fortalecer a resili\u00eancia da regi\u00e3o frente \u00e0s mudan\u00e7as do clima.<\/p>\n<p data-prosemirror-content-type=\"node\" data-prosemirror-node-block=\"true\" data-prosemirror-node-name=\"paragraph\">Uma s\u00e9rie de obras estruturantes\u00a0est\u00e1 sendo conduzida pela Secretaria Nacional de Seguran\u00e7a H\u00eddrica (SNSH): barragens, adutoras, canais e sistemas integrados de abastecimento, que asseguram o fornecimento de \u00e1gua em \u00e1reas urbanas e rurais, atendendo a m\u00faltiplos usos como consumo humano, agricultura, pecu\u00e1ria, piscicultura e at\u00e9 turismo. \u201cCada obra h\u00eddrica conclu\u00edda representa uma vit\u00f3ria contra os efeitos da emerg\u00eancia clim\u00e1tica. Estamos investindo n\u00e3o apenas em \u00e1gua, mas em seguran\u00e7a, em futuro e em dignidade para as popula\u00e7\u00f5es mais vulner\u00e1veis do Nordeste\u201d, afirma o secret\u00e1rio Nacional de Seguran\u00e7a H\u00eddrica, Giuseppe Vieira.<\/p>\n<p data-prosemirror-content-type=\"node\" data-prosemirror-node-block=\"true\" data-prosemirror-node-name=\"paragraph\">Entre os principais projetos em execu\u00e7\u00e3o, destaca-se a amplia\u00e7\u00e3o do Eix\u00e3o das \u00c1guas, no Cear\u00e1, que beneficiar\u00e1 4,6 milh\u00f5es de pessoas em 10 munic\u00edpios, com investimento de R$ 1,25 bilh\u00e3o via Novo PAC. J\u00e1 o Canal do Sert\u00e3o Baiano, que capta \u00e1gua do Rio S\u00e3o Francisco, atender\u00e1 1,2 milh\u00e3o de pessoas em 44 munic\u00edpios, promovendo acesso cont\u00ednuo \u00e0 \u00e1gua mesmo em per\u00edodos de estiagem prolongada.<\/p>\n<p data-prosemirror-content-type=\"node\" data-prosemirror-node-block=\"true\" data-prosemirror-node-name=\"paragraph\">Outras a\u00e7\u00f5es como o Ramal do Apodi, que levar\u00e1 \u00e1gua a 45 munic\u00edpios da Para\u00edba e do Rio Grande do Norte, e o Ramal do Salgado, que atender\u00e1 5 milh\u00f5es de cearenses por gravidade, ampliam a capacidade de resposta \u00e0 crise clim\u00e1tica com obras duradouras e de grande escala. Al\u00e9m disso, h\u00e1 o projeto do Sistema Adutor Banabui\u00fa, parte do Projeto Malha D&#8217;\u00c1gua, no Cear\u00e1, que visa levar \u00e1gua tratada do A\u00e7ude Banabui\u00fa para abastecer diversas localidades do Sert\u00e3o Central e beneficiar cerca de 300 mil pessoas, mesmo em per\u00edodos de seca.<\/p>\n<h4 data-prosemirror-content-type=\"node\" data-prosemirror-node-block=\"true\" data-prosemirror-node-name=\"paragraph\"><strong data-prosemirror-content-type=\"mark\" data-prosemirror-mark-name=\"strong\">Preven\u00e7\u00e3o e adapta\u00e7\u00e3o frente \u00e0 seca<\/strong><\/h4>\n<p data-prosemirror-content-type=\"node\" data-prosemirror-node-block=\"true\" data-prosemirror-node-name=\"paragraph\">A constru\u00e7\u00e3o e moderniza\u00e7\u00e3o de barragens tamb\u00e9m integram a estrat\u00e9gia clim\u00e1tica do MIDR. A Barragem Nova Algod\u00f5es (PI), em fase de licita\u00e7\u00e3o, ter\u00e1 capacidade de 50 milh\u00f5es de m\u00b3 e beneficiar\u00e1 47 mil pessoas. J\u00e1 a Barragem de Oiticica (RN), recentemente conclu\u00edda, atende 294 mil habitantes em 22 munic\u00edpios do Serid\u00f3 potiguar. Al\u00e9m da fun\u00e7\u00e3o de armazenamento de \u00e1gua, essas estruturas reduzem os riscos associados \u00e0 seca e garantem um abastecimento regular mesmo sob condi\u00e7\u00f5es adversas.<\/p>\n<h4 data-prosemirror-content-type=\"node\" data-prosemirror-node-block=\"true\" data-prosemirror-node-name=\"paragraph\"><strong data-prosemirror-content-type=\"mark\" data-prosemirror-mark-name=\"strong\">Integra\u00e7\u00e3o de sistemas e sustentabilidade<\/strong><\/h4>\n<p data-prosemirror-content-type=\"node\" data-prosemirror-node-block=\"true\" data-prosemirror-node-name=\"paragraph\">A integra\u00e7\u00e3o entre os eixos Leste e Norte do Projeto de Integra\u00e7\u00e3o do Rio S\u00e3o Francisco (PISF), j\u00e1 em opera\u00e7\u00e3o, e seus ramais, como o do Agreste, do Pianc\u00f3 e do Entremontes, permite que a \u00e1gua percorra centenas de quil\u00f4metros para atender regi\u00f5es antes marcadas pela escassez. Com capacidade de bombeamento ampliada, o Eixo Norte, por exemplo, beneficiar\u00e1 mais de 8 milh\u00f5es de pessoas em 237 munic\u00edpios.<\/p>\n<p data-prosemirror-content-type=\"node\" data-prosemirror-node-block=\"true\" data-prosemirror-node-name=\"paragraph\">Al\u00e9m de promover abastecimento de \u00e1gua, essas obras sustentam cadeias produtivas locais e reduzem a press\u00e3o sobre os mananciais naturais, promovendo um uso mais racional e sustent\u00e1vel dos recursos h\u00eddricos.<\/p>\n<h4 data-prosemirror-content-type=\"node\" data-prosemirror-node-block=\"true\" data-prosemirror-node-name=\"paragraph\"><strong data-prosemirror-content-type=\"mark\" data-prosemirror-mark-name=\"strong\">COP 30<\/strong><\/h4>\n<p data-prosemirror-content-type=\"node\" data-prosemirror-node-block=\"true\" data-prosemirror-node-name=\"paragraph\">Nessa perspectiva, o MIDR colabora com as medidas de mitiga\u00e7\u00e3o e adapta\u00e7\u00e3o \u00e0s mudan\u00e7as clim\u00e1ticas, com iniciativas como a promo\u00e7\u00e3o da seguran\u00e7a h\u00eddrica. Diante dessa colabora\u00e7\u00e3o com a pauta clim\u00e1tica, o MIDR vem contribuindo, especialmente por meio do seu Comit\u00ea Permanente de Resili\u00eancia Clim\u00e1tica, nas discuss\u00f5es na COP 30, a 30\u00aa Confer\u00eancia das Na\u00e7\u00f5es Unidas sobre Mudan\u00e7as Clim\u00e1ticas. O encontro global ocorrer\u00e1 em novembro de 2025, em Bel\u00e9m (PA), reunindo l\u00edderes mundiais, representantes de governos, ci\u00eancia e sociedade civil para debater solu\u00e7\u00f5es clim\u00e1ticas \u2014 e marcar\u00e1 a primeira vez que a confer\u00eancia ser\u00e1 realizada na Amaz\u00f4nia.<\/p>\n<p data-prosemirror-content-type=\"node\" data-prosemirror-node-block=\"true\" data-prosemirror-node-name=\"paragraph\">\n<\/div>\n<\/div>\n<p><a class=\"materia-original\" href=\"https:\/\/www.gov.br\/mdr\/pt-br\/noticias\/obras-hidricas-fortalecem-a-resiliencia-do-semiarido-diante-da-emergencia-climatica\" target=\"_blank\" rel=\"noopener\">Link: https:\/\/www.gov.br\/mdr\/pt-br\/noticias\/obras-hidricas-fortalecem-a-resiliencia-do-semiarido-diante-da-emergencia-climatica<\/a><\/p>\n","protected":false},"excerpt":{"rendered":"<p>A emerg\u00eancia clim\u00e1tica imp\u00f5e desafios cada vez mais severos ao semi\u00e1rido nordestino, com longos per\u00edodos de estiagem, escassez h\u00eddrica e impactos socioecon\u00f4micos. Diante desse cen\u00e1rio, o Minist\u00e9rio da Integra\u00e7\u00e3o e do Desenvolvimento Regional (MIDR), est\u00e1 ampliando os investimentos em obras h\u00eddricas estruturantes para garantir seguran\u00e7a h\u00eddrica e fortalecer a resili\u00eancia da regi\u00e3o frente \u00e0s mudan\u00e7as &hellip;<\/p>\n","protected":false},"author":1,"featured_media":108548,"comment_status":"open","ping_status":"open","sticky":false,"template":"","format":"standard","meta":{"footnotes":""},"categories":[3],"tags":[],"class_list":["post-135877","post","type-post","status-publish","format-standard","has-post-thumbnail","hentry","category-nordeste"],"_links":{"self":[{"href":"https:\/\/iparaiba.com.br\/index.php\/wp-json\/wp\/v2\/posts\/135877","targetHints":{"allow":["GET"]}}],"collection":[{"href":"https:\/\/iparaiba.com.br\/index.php\/wp-json\/wp\/v2\/posts"}],"about":[{"href":"https:\/\/iparaiba.com.br\/index.php\/wp-json\/wp\/v2\/types\/post"}],"author":[{"embeddable":true,"href":"https:\/\/iparaiba.com.br\/index.php\/wp-json\/wp\/v2\/users\/1"}],"replies":[{"embeddable":true,"href":"https:\/\/iparaiba.com.br\/index.php\/wp-json\/wp\/v2\/comments?post=135877"}],"version-history":[{"count":1,"href":"https:\/\/iparaiba.com.br\/index.php\/wp-json\/wp\/v2\/posts\/135877\/revisions"}],"predecessor-version":[{"id":135904,"href":"https:\/\/iparaiba.com.br\/index.php\/wp-json\/wp\/v2\/posts\/135877\/revisions\/135904"}],"wp:featuredmedia":[{"embeddable":true,"href":"https:\/\/iparaiba.com.br\/index.php\/wp-json\/wp\/v2\/media\/108548"}],"wp:attachment":[{"href":"https:\/\/iparaiba.com.br\/index.php\/wp-json\/wp\/v2\/media?parent=135877"}],"wp:term":[{"taxonomy":"category","embeddable":true,"href":"https:\/\/iparaiba.com.br\/index.php\/wp-json\/wp\/v2\/categories?post=135877"},{"taxonomy":"post_tag","embeddable":true,"href":"https:\/\/iparaiba.com.br\/index.php\/wp-json\/wp\/v2\/tags?post=135877"}],"curies":[{"name":"wp","href":"https:\/\/api.w.org\/{rel}","templated":true}]}}