{"id":135875,"date":"2025-09-11T16:00:13","date_gmt":"2025-09-11T19:00:13","guid":{"rendered":"https:\/\/onordeste.com.br\/?p=135875"},"modified":"2025-09-11T16:00:13","modified_gmt":"2025-09-11T19:00:13","slug":"como-colocar-em-dia-contribuicoes-previdenciarias-atrasadas-junto-ao-inss","status":"publish","type":"post","link":"https:\/\/iparaiba.com.br\/index.php\/2025\/09\/11\/como-colocar-em-dia-contribuicoes-previdenciarias-atrasadas-junto-ao-inss\/","title":{"rendered":"Como colocar em dia contribui\u00e7\u00f5es previdenci\u00e1rias atrasadas junto ao INSS"},"content":{"rendered":"<div class=\"texto-conteudo\">\n<p>Quem tem contribui\u00e7\u00f5es ao INSS em atraso pode, em alguns casos, pagar esses per\u00edodos para colocar em dia o tempo de servi\u00e7o. Isso \u00e9 comum entre pessoas que j\u00e1 trabalharam por conta pr\u00f3pria, t\u00eam tempo de servi\u00e7o a ser considerado e buscam completar o tempo m\u00ednimo necess\u00e1rio para pedir aposentadoria por tempo de contribui\u00e7\u00e3o junto ao INSS.<\/p>\n<p>Para regularizar a situa\u00e7\u00e3o, \u00e9 preciso seguir algumas regras. Elas variam conforme o tipo de trabalhador vinculado ao INSS, o per\u00edodo e o motivo do pedido. Por isso, o Instituto explica, a seguir, quando \u00e9 poss\u00edvel regularizar e o que \u00e9 necess\u00e1rio fazer.<\/p>\n<h4><strong>Quem pode pagar contribui\u00e7\u00f5es atrasadas<\/strong><\/h4>\n<p>S\u00f3 \u00e9 poss\u00edvel pagar atrasados se a pessoa comprovar que, no per\u00edodo que deseja regularizar, exerceu atividade remunerada em que a lei exige contribui\u00e7\u00e3o ao INSS ou permite indeniza\u00e7\u00e3o do tempo n\u00e3o recolhido. Assim, pode pagar contribui\u00e7\u00f5es em atraso quem comprova trabalho como Contribuinte Individual (aut\u00f4nomo).<\/p>\n<p>Para atrasos com mais de cinco anos \u2014 o chamado \u201cper\u00edodo decadente\u201d \u2014, h\u00e1 regras espec\u00edficas. Por exemplo, em 2025, s\u00e3o considerados decadentes os per\u00edodos anteriores a dezembro de 2019. Segundo Alcimar Barbosa, servidor e especialista em c\u00e1lculos previdenci\u00e1rios do INSS em Juiz de Fora (MG), &#8220;\u00e9 preciso solicitar o servi\u00e7o &#8216;Calcular Per\u00edodo Decadente&#8217; ligando para a Central 135 e informar o motivo do c\u00e1lculo. Depois da an\u00e1lise, o INSS emite a Guia da Previd\u00eancia Social (GPS) para pagamento&#8221;.<\/p>\n<p>Mesmo quando n\u00e3o se trata de d\u00e9bito (contribui\u00e7\u00e3o atrasada), a lei permite que algumas pessoas indenizem o INSS para que determinado per\u00edodo seja inclu\u00eddo no c\u00e1lculo de benef\u00edcios, mesmo que n\u00e3o conte para todos os efeitos (como car\u00eancia, por exemplo).<\/p>\n<h4><strong>Pode regularizar o tempo quem comprova atividades como:<\/strong><\/h4>\n<p>\u2022 Empregado dom\u00e9stico, para per\u00edodos antes de 08\/04\/1973, quando essa atividade ainda n\u00e3o era de filia\u00e7\u00e3o obrigat\u00f3ria. A partir dessa data, basta comprovar o v\u00ednculo empregat\u00edcio.<br \/>\n\u2022 Trabalhador rural com atividade antes de novembro de 1991, se for para contar tempo em outros regimes de previd\u00eancia, mediante Certid\u00e3o de Tempo de Contribui\u00e7\u00e3o (CTC).<br \/>\n\u2022 Segurado especial, a partir de novembro de 1991, desde que n\u00e3o tenha contribu\u00eddo de forma facultativa e queira contar esse tempo para aposentadoria ou para certid\u00e3o de tempo de contribui\u00e7\u00e3o (CTC).<\/p>\n<h4><strong>Comprova\u00e7\u00e3o de atividade<\/strong><\/h4>\n<p>O INSS pode pedir documentos para comprovar que realmente houve trabalho no per\u00edodo a ser regularizado, como contratos, recibos, declara\u00e7\u00e3o de Imposto de Renda, entre outros. Se n\u00e3o for poss\u00edvel comprovar a atividade, ou se o pagamento ao INSS tiver sido feito de forma errada, o tempo pode n\u00e3o ser reconhecido, o que pode resultar na negativa do benef\u00edcio.<\/p>\n<p>Tamb\u00e9m \u00e9 importante saber que pagamentos para per\u00edodos em que a pessoa j\u00e1 n\u00e3o era mais segurada do INSS, ou para datas anteriores ao in\u00edcio das contribui\u00e7\u00f5es feitas em dia, n\u00e3o valem como soma para o tempo m\u00ednimo de contribui\u00e7\u00e3o (car\u00eancia); servem apenas como tempo de servi\u00e7o.<\/p>\n<p>Em caso de d\u00favida, o segurado pode pedir o c\u00e1lculo de per\u00edodo decadente e escrever uma declara\u00e7\u00e3o no pr\u00f3prio pedido dizendo que s\u00f3 quer pagar se esse tempo realmente contar para o benef\u00edcio.<\/p>\n<h4><strong>Fique sabendo!<\/strong><\/h4>\n<p>\u2022 Per\u00edodo decadente: para o INSS, s\u00e3o os atrasados com mais de cinco anos. Por exemplo, em 2025, isso vale para per\u00edodos antes de dezembro de \u2022 Para calcular, \u00e9 necess\u00e1rio ligar para a Central 135 e pedir \u201cCalcular Per\u00edodo Decadente\u201d, informando para qual finalidade (RGPS ou CTC). O acompanhamento pode ser feito pelo Meu INSS (aplicativo ou site: meu.inss.gov.br).<br \/>\n\u2022 Ap\u00f3s a an\u00e1lise, o INSS emite uma Guia (GPS) para o pagamento.<\/p>\n<p><span class=\"discreet\"><em>Texto: Vict\u00f3ria Toledo, com supervis\u00e3o de Cl\u00e1udia Soares, da ACS\/Sudeste I e Ascom INSS<br \/>\n<\/em><em>Ascom INSS<\/em><\/span><\/p>\n<p><a class=\"materia-original\" href=\"https:\/\/www.gov.br\/inss\/pt-br\/saiba-como-colocar-em-dia-contribuicoes-previdenciarias-atrasadas-junto-ao-inss\" target=\"_blank\" rel=\"noopener\">Link: https:\/\/www.gov.br\/inss\/pt-br\/saiba-como-colocar-em-dia-contribuicoes-previdenciarias-atrasadas-junto-ao-inss<\/a><\/p>\n<\/div>\n","protected":false},"excerpt":{"rendered":"<p>Quem tem contribui\u00e7\u00f5es ao INSS em atraso pode, em alguns casos, pagar esses per\u00edodos para colocar em dia o tempo de servi\u00e7o. Isso \u00e9 comum entre pessoas que j\u00e1 trabalharam por conta pr\u00f3pria, t\u00eam tempo de servi\u00e7o a ser considerado e buscam completar o tempo m\u00ednimo necess\u00e1rio para pedir aposentadoria por tempo de contribui\u00e7\u00e3o junto &hellip;<\/p>\n","protected":false},"author":1,"featured_media":107105,"comment_status":"open","ping_status":"open","sticky":false,"template":"","format":"standard","meta":{"footnotes":""},"categories":[6],"tags":[],"class_list":["post-135875","post","type-post","status-publish","format-standard","has-post-thumbnail","hentry","category-destaques"],"_links":{"self":[{"href":"https:\/\/iparaiba.com.br\/index.php\/wp-json\/wp\/v2\/posts\/135875","targetHints":{"allow":["GET"]}}],"collection":[{"href":"https:\/\/iparaiba.com.br\/index.php\/wp-json\/wp\/v2\/posts"}],"about":[{"href":"https:\/\/iparaiba.com.br\/index.php\/wp-json\/wp\/v2\/types\/post"}],"author":[{"embeddable":true,"href":"https:\/\/iparaiba.com.br\/index.php\/wp-json\/wp\/v2\/users\/1"}],"replies":[{"embeddable":true,"href":"https:\/\/iparaiba.com.br\/index.php\/wp-json\/wp\/v2\/comments?post=135875"}],"version-history":[{"count":1,"href":"https:\/\/iparaiba.com.br\/index.php\/wp-json\/wp\/v2\/posts\/135875\/revisions"}],"predecessor-version":[{"id":135903,"href":"https:\/\/iparaiba.com.br\/index.php\/wp-json\/wp\/v2\/posts\/135875\/revisions\/135903"}],"wp:featuredmedia":[{"embeddable":true,"href":"https:\/\/iparaiba.com.br\/index.php\/wp-json\/wp\/v2\/media\/107105"}],"wp:attachment":[{"href":"https:\/\/iparaiba.com.br\/index.php\/wp-json\/wp\/v2\/media?parent=135875"}],"wp:term":[{"taxonomy":"category","embeddable":true,"href":"https:\/\/iparaiba.com.br\/index.php\/wp-json\/wp\/v2\/categories?post=135875"},{"taxonomy":"post_tag","embeddable":true,"href":"https:\/\/iparaiba.com.br\/index.php\/wp-json\/wp\/v2\/tags?post=135875"}],"curies":[{"name":"wp","href":"https:\/\/api.w.org\/{rel}","templated":true}]}}