{"id":135873,"date":"2025-09-11T14:09:54","date_gmt":"2025-09-11T17:09:54","guid":{"rendered":"https:\/\/onordeste.com.br\/?p=135873"},"modified":"2025-09-11T14:09:54","modified_gmt":"2025-09-11T17:09:54","slug":"cgu-e-pf-apuram-desvios-de-recursos-do-sus","status":"publish","type":"post","link":"https:\/\/iparaiba.com.br\/index.php\/2025\/09\/11\/cgu-e-pf-apuram-desvios-de-recursos-do-sus\/","title":{"rendered":"CGU e PF apuram desvios de recursos do SUS"},"content":{"rendered":"<div class=\"texto-conteudo\">\n<p>A Controladoria-Geral da Uni\u00e3o (CGU), em parceria com a Pol\u00edcia Federal (PF), participa da Opera\u00e7\u00e3o Antracito, nesta quarta-feira (10\/9), na capital fluminense e nos munic\u00edpios de Cachoeiras de Macacu, Niter\u00f3i, Rio Bonito, Santa Maria Madalena, S\u00e3o Gon\u00e7alo e Saquarema, todos no Estado do Rio de Janeiro.<\/p>\n<h4><strong>Investiga\u00e7\u00f5es\u00a0<\/strong><\/h4>\n<p>As investiga\u00e7\u00f5es conjuntas apuram um prov\u00e1vel esquema de desvio de recursos p\u00fablicos provenientes do Sistema \u00danico de Sa\u00fade (SUS). O esquema vem sendo operado por meio de uma Organiza\u00e7\u00e3o Social (OS), que terceiriza empresas rec\u00e9m-constitu\u00eddas, no \u00e2mbito de contratos de gest\u00e3o, firmados por diversas prefeituras fluminenses.<\/p>\n<p>A apura\u00e7\u00e3o revelou que s\u00f3cios dessas empresas mantinham v\u00ednculos com a referida OS, levantando ind\u00edcios de direcionamento nas subcontrata\u00e7\u00f5es, e de suspeitas de inexecu\u00e7\u00e3o contratual pela falta de comprova\u00e7\u00e3o da totalidade da presta\u00e7\u00e3o dos servi\u00e7os.<\/p>\n<p>Os pagamentos realizados no \u00e2mbito dos contratos de gest\u00e3o alcan\u00e7aram o montante aproximado de R$ 1,6 bilh\u00e3o, sendo cerca de R$ 91 milh\u00f5es provenientes de recursos federais. Os investigados poder\u00e3o responder por crimes como peculato, associa\u00e7\u00e3o criminosa e lavagem de capitais.<\/p>\n<h4><strong>Opera\u00e7\u00e3o\u00a0<\/strong><\/h4>\n<p>A Opera\u00e7\u00e3o Antracito consiste em cumprimento de medidas cautelares em desfavor dos investigados, tendo sido deferidos 16 mandados de busca e apreens\u00e3o contra pessoas f\u00edsicas e jur\u00eddicas pela 2\u00aa Vara Federal de Campos dos Goytacazes.<\/p>\n<p>As dilig\u00eancias acontecem nos sete munic\u00edpios, incluindo a capital fluminense, e conta com a participa\u00e7\u00e3o de 10 auditores da CGU e de 56 policiais federais.<\/p>\n<h4><strong>Impacto Social\u00a0<\/strong><\/h4>\n<p>O desvio de recursos p\u00fablicos federais da \u00e1rea da sa\u00fade proporciona ainda mais limita\u00e7\u00f5es para um or\u00e7amento j\u00e1 ajustado, evidenciando o descaso com os cidad\u00e3os, especialmente aqueles em situa\u00e7\u00e3o de vulnerabilidade, que s\u00e3o os mais impactados por pr\u00e1ticas corruptas, que exigem repress\u00e3o exemplar.<\/p>\n<p><strong>Den\u00fancias<\/strong><\/p>\n<p>A CGU, por meio da Ouvidoria-Geral da Uni\u00e3o (OGU), mant\u00e9m a plataforma\u00a0<a class=\"external-link\" title=\"\" href=\"http:\/\/falabr.cgu.gov.br\/web\/home\" target=\"_blank\" rel=\"noopener\" data-tippreview-enabled=\"false\" data-tippreview-image=\"\" data-tippreview-title=\"\">Fala.BR\u00a0<\/a>para o recebimento de den\u00fancias.<\/p>\n<p>Quem tiver informa\u00e7\u00f5es sobre esta opera\u00e7\u00e3o ou quaisquer outras irregularidades, pode envi\u00e1-las por meio de\u00a0formul\u00e1rio eletr\u00f4nico do Fala.BR.<\/p>\n<p>A den\u00fancia pode ser an\u00f4nima e, para isso, basta escolher a op\u00e7\u00e3o \u201cN\u00e3o identificado\u201d.\u00a0O cadastro deve seguir, ainda, as seguintes orienta\u00e7\u00f5es: No campo \u201cSobre qual assunto voc\u00ea quer falar\u201d, basta marcar a op\u00e7\u00e3o \u201cOpera\u00e7\u00f5es CGU\u201d; e no campo \u201cFale aqui\u201d, colocar o nome da opera\u00e7\u00e3o e a Unidade da Federa\u00e7\u00e3o na qual ela foi deflagrada.<\/p>\n<\/div>\n<p><a class=\"materia-original\" href=\"https:\/\/www.gov.br\/cgu\/pt-br\/assuntos\/noticias\/2025\/09\/cgu-e-pf-apuram-desvios-de-recursos-do-sus-em-municipios-do-rio-de-janeiro\" target=\"_blank\" rel=\"noopener\">Link: https:\/\/www.gov.br\/cgu\/pt-br\/assuntos\/noticias\/2025\/09\/cgu-e-pf-apuram-desvios-de-recursos-do-sus-em-municipios-do-rio-de-janeiro<\/a><\/p>\n","protected":false},"excerpt":{"rendered":"<p>A Controladoria-Geral da Uni\u00e3o (CGU), em parceria com a Pol\u00edcia Federal (PF), participa da Opera\u00e7\u00e3o Antracito, nesta quarta-feira (10\/9), na capital fluminense e nos munic\u00edpios de Cachoeiras de Macacu, Niter\u00f3i, Rio Bonito, Santa Maria Madalena, S\u00e3o Gon\u00e7alo e Saquarema, todos no Estado do Rio de Janeiro. Investiga\u00e7\u00f5es\u00a0 As investiga\u00e7\u00f5es conjuntas apuram um prov\u00e1vel esquema de &hellip;<\/p>\n","protected":false},"author":1,"featured_media":97885,"comment_status":"open","ping_status":"open","sticky":false,"template":"","format":"standard","meta":{"footnotes":""},"categories":[10],"tags":[],"class_list":["post-135873","post","type-post","status-publish","format-standard","has-post-thumbnail","hentry","category-manchetes"],"_links":{"self":[{"href":"https:\/\/iparaiba.com.br\/index.php\/wp-json\/wp\/v2\/posts\/135873","targetHints":{"allow":["GET"]}}],"collection":[{"href":"https:\/\/iparaiba.com.br\/index.php\/wp-json\/wp\/v2\/posts"}],"about":[{"href":"https:\/\/iparaiba.com.br\/index.php\/wp-json\/wp\/v2\/types\/post"}],"author":[{"embeddable":true,"href":"https:\/\/iparaiba.com.br\/index.php\/wp-json\/wp\/v2\/users\/1"}],"replies":[{"embeddable":true,"href":"https:\/\/iparaiba.com.br\/index.php\/wp-json\/wp\/v2\/comments?post=135873"}],"version-history":[{"count":1,"href":"https:\/\/iparaiba.com.br\/index.php\/wp-json\/wp\/v2\/posts\/135873\/revisions"}],"predecessor-version":[{"id":135902,"href":"https:\/\/iparaiba.com.br\/index.php\/wp-json\/wp\/v2\/posts\/135873\/revisions\/135902"}],"wp:featuredmedia":[{"embeddable":true,"href":"https:\/\/iparaiba.com.br\/index.php\/wp-json\/wp\/v2\/media\/97885"}],"wp:attachment":[{"href":"https:\/\/iparaiba.com.br\/index.php\/wp-json\/wp\/v2\/media?parent=135873"}],"wp:term":[{"taxonomy":"category","embeddable":true,"href":"https:\/\/iparaiba.com.br\/index.php\/wp-json\/wp\/v2\/categories?post=135873"},{"taxonomy":"post_tag","embeddable":true,"href":"https:\/\/iparaiba.com.br\/index.php\/wp-json\/wp\/v2\/tags?post=135873"}],"curies":[{"name":"wp","href":"https:\/\/api.w.org\/{rel}","templated":true}]}}