{"id":135867,"date":"2025-09-11T08:05:27","date_gmt":"2025-09-11T11:05:27","guid":{"rendered":"https:\/\/onordeste.com.br\/?p=135867"},"modified":"2025-09-11T08:05:27","modified_gmt":"2025-09-11T11:05:27","slug":"alpb-e-cmjp-celebram-70-anos-da-ufpb-com-sessao-especial","status":"publish","type":"post","link":"https:\/\/iparaiba.com.br\/index.php\/2025\/09\/11\/alpb-e-cmjp-celebram-70-anos-da-ufpb-com-sessao-especial\/","title":{"rendered":"ALPB e CMJP celebram 70 anos da UFPB com sess\u00e3o especial"},"content":{"rendered":"<p>A Assembleia Legislativa da Para\u00edba (ALPB) e a C\u00e2mara Municipal de Jo\u00e3o Pessoa realizaram uma sess\u00e3o especial conjunta, nesta quarta-feira (3), para celebrar os 70 anos de Funda\u00e7\u00e3o da Universidade Federal da Para\u00edba (UFPB). A cerim\u00f4nia reuniu autoridades, servidores e alunos para homenagear a institui\u00e7\u00e3o, reconhecida por seu papel fundamental no desenvolvimento da Para\u00edba e do Brasil.<\/p>\n<p>A deputada Cida Ramos, autora da propositura, destacou a import\u00e2ncia da UFPB na forma\u00e7\u00e3o de profissionais qualificados que hoje atuam em diversas esferas. \u201c\u00c9 uma institui\u00e7\u00e3o que construiu e fortaleceu este estado, formando os melhores profissionais que hoje ocupam posi\u00e7\u00f5es na pol\u00edtica, no judici\u00e1rio e no executivo. Portanto, merece ser amplamente celebrada\u201d, afirmou a parlamentar.<\/p>\n<p>O vereador Marcos Henrique, tamb\u00e9m autor da homenagem, enalteceu a data, enfatizando a contribui\u00e7\u00e3o da UFPB para o mercado de trabalho e a sociedade. \u201cSinto-me honrado em participar desta homenagem, por meio do nosso mandato na C\u00e2mara Municipal, em parceria com a ALPB. A Universidade desempenha um papel fundamental na sociedade, com uma responsabilidade social inestim\u00e1vel, especialmente no que diz respeito \u00e0 forma\u00e7\u00e3o de profissionais. Sua comunidade, composta por mais de 20 mil pessoas, entre docentes e discentes, contribui significativamente para o desenvolvimento do pa\u00eds\u201d, declarou.<\/p>\n","protected":false},"excerpt":{"rendered":"<p>A Assembleia Legislativa da Para\u00edba (ALPB) e a C\u00e2mara Municipal de Jo\u00e3o Pessoa realizaram uma sess\u00e3o especial conjunta, nesta quarta-feira (3), para celebrar os 70 anos de Funda\u00e7\u00e3o da Universidade Federal da Para\u00edba (UFPB). A cerim\u00f4nia reuniu autoridades, servidores e alunos para homenagear a institui\u00e7\u00e3o, reconhecida por seu papel fundamental no desenvolvimento da Para\u00edba e &hellip;<\/p>\n","protected":false},"author":1,"featured_media":107052,"comment_status":"open","ping_status":"open","sticky":false,"template":"","format":"standard","meta":{"footnotes":""},"categories":[11],"tags":[],"class_list":["post-135867","post","type-post","status-publish","format-standard","has-post-thumbnail","hentry","category-educacao"],"_links":{"self":[{"href":"https:\/\/iparaiba.com.br\/index.php\/wp-json\/wp\/v2\/posts\/135867","targetHints":{"allow":["GET"]}}],"collection":[{"href":"https:\/\/iparaiba.com.br\/index.php\/wp-json\/wp\/v2\/posts"}],"about":[{"href":"https:\/\/iparaiba.com.br\/index.php\/wp-json\/wp\/v2\/types\/post"}],"author":[{"embeddable":true,"href":"https:\/\/iparaiba.com.br\/index.php\/wp-json\/wp\/v2\/users\/1"}],"replies":[{"embeddable":true,"href":"https:\/\/iparaiba.com.br\/index.php\/wp-json\/wp\/v2\/comments?post=135867"}],"version-history":[{"count":1,"href":"https:\/\/iparaiba.com.br\/index.php\/wp-json\/wp\/v2\/posts\/135867\/revisions"}],"predecessor-version":[{"id":135899,"href":"https:\/\/iparaiba.com.br\/index.php\/wp-json\/wp\/v2\/posts\/135867\/revisions\/135899"}],"wp:featuredmedia":[{"embeddable":true,"href":"https:\/\/iparaiba.com.br\/index.php\/wp-json\/wp\/v2\/media\/107052"}],"wp:attachment":[{"href":"https:\/\/iparaiba.com.br\/index.php\/wp-json\/wp\/v2\/media?parent=135867"}],"wp:term":[{"taxonomy":"category","embeddable":true,"href":"https:\/\/iparaiba.com.br\/index.php\/wp-json\/wp\/v2\/categories?post=135867"},{"taxonomy":"post_tag","embeddable":true,"href":"https:\/\/iparaiba.com.br\/index.php\/wp-json\/wp\/v2\/tags?post=135867"}],"curies":[{"name":"wp","href":"https:\/\/api.w.org\/{rel}","templated":true}]}}