{"id":135865,"date":"2025-09-11T06:03:51","date_gmt":"2025-09-11T09:03:51","guid":{"rendered":"https:\/\/onordeste.com.br\/?p=135865"},"modified":"2025-09-11T06:03:51","modified_gmt":"2025-09-11T09:03:51","slug":"esa-e-cndh-alinham-acoes-e-conhecem-proposta-de-formacao-em-direitos-humanos-para-advocacia","status":"publish","type":"post","link":"https:\/\/iparaiba.com.br\/index.php\/2025\/09\/11\/esa-e-cndh-alinham-acoes-e-conhecem-proposta-de-formacao-em-direitos-humanos-para-advocacia\/","title":{"rendered":"ESA e CNDH alinham a\u00e7\u00f5es e conhecem proposta de forma\u00e7\u00e3o em direitos humanos para advocacia"},"content":{"rendered":"<p>A Escola Superior de Advocacia (ESA Nacional) e a Comiss\u00e3o Nacional de Direitos Humanos do Conselho Federal da OAB conheceram, nesta ter\u00e7a-feira (2\/9), a experi\u00eancia da\u00a0 Escola de Direitos Humanos da OAB-PI voltada \u00e0 forma\u00e7\u00e3o da advocacia.<\/p>\n<p>O projeto foi apresentado pela presidente da Comiss\u00e3o de Direitos Humanos da seccional, J\u00e9ssica Lima. Ela destacou a inten\u00e7\u00e3o de oferecer uma forma\u00e7\u00e3o pr\u00e1tica, acess\u00edvel e alinhada ao exerc\u00edcio cotidiano da advocacia na defesa dos direitos fundamentais. O projeto prev\u00ea cursos, oficinas e outras atividades voltadas \u00e0 capacita\u00e7\u00e3o jur\u00eddica, com integra\u00e7\u00e3o entre teoria e pr\u00e1tica.<\/p>\n<p>A presidente da Comiss\u00e3o Nacional de Direitos Humanos, S\u00edlvia Souza, afirmou que iniciativas como essa ajudam a fortalecer o papel da advocacia na promo\u00e7\u00e3o da dignidade humana. O Diretor-geral da ESA Nacional, Gedeon Pitaluga, avaliou que a troca de experi\u00eancias entre seccionais pode inspirar projetos nacionais.<\/p>\n<p>Tamb\u00e9m participaram da reuni\u00e3o a vice-presidente da Comiss\u00e3o Nacional de Direitos Humanos, Fernanda Brand\u00e3o; o coordenador da ESA Nacional no Nordeste, Ronald Pinheiro; e a presidente da Comiss\u00e3o de Direito do Terceiro Setor da OAB de S\u00e3o Jos\u00e9 do Rio Preto, Ana Carolina Muramatsu.<\/p>\n","protected":false},"excerpt":{"rendered":"<p>A Escola Superior de Advocacia (ESA Nacional) e a Comiss\u00e3o Nacional de Direitos Humanos do Conselho Federal da OAB conheceram, nesta ter\u00e7a-feira (2\/9), a experi\u00eancia da\u00a0 Escola de Direitos Humanos da OAB-PI voltada \u00e0 forma\u00e7\u00e3o da advocacia. O projeto foi apresentado pela presidente da Comiss\u00e3o de Direitos Humanos da seccional, J\u00e9ssica Lima. Ela destacou a &hellip;<\/p>\n","protected":false},"author":1,"featured_media":107582,"comment_status":"open","ping_status":"open","sticky":false,"template":"","format":"standard","meta":{"footnotes":""},"categories":[6],"tags":[],"class_list":["post-135865","post","type-post","status-publish","format-standard","has-post-thumbnail","hentry","category-destaques"],"_links":{"self":[{"href":"https:\/\/iparaiba.com.br\/index.php\/wp-json\/wp\/v2\/posts\/135865","targetHints":{"allow":["GET"]}}],"collection":[{"href":"https:\/\/iparaiba.com.br\/index.php\/wp-json\/wp\/v2\/posts"}],"about":[{"href":"https:\/\/iparaiba.com.br\/index.php\/wp-json\/wp\/v2\/types\/post"}],"author":[{"embeddable":true,"href":"https:\/\/iparaiba.com.br\/index.php\/wp-json\/wp\/v2\/users\/1"}],"replies":[{"embeddable":true,"href":"https:\/\/iparaiba.com.br\/index.php\/wp-json\/wp\/v2\/comments?post=135865"}],"version-history":[{"count":1,"href":"https:\/\/iparaiba.com.br\/index.php\/wp-json\/wp\/v2\/posts\/135865\/revisions"}],"predecessor-version":[{"id":135898,"href":"https:\/\/iparaiba.com.br\/index.php\/wp-json\/wp\/v2\/posts\/135865\/revisions\/135898"}],"wp:featuredmedia":[{"embeddable":true,"href":"https:\/\/iparaiba.com.br\/index.php\/wp-json\/wp\/v2\/media\/107582"}],"wp:attachment":[{"href":"https:\/\/iparaiba.com.br\/index.php\/wp-json\/wp\/v2\/media?parent=135865"}],"wp:term":[{"taxonomy":"category","embeddable":true,"href":"https:\/\/iparaiba.com.br\/index.php\/wp-json\/wp\/v2\/categories?post=135865"},{"taxonomy":"post_tag","embeddable":true,"href":"https:\/\/iparaiba.com.br\/index.php\/wp-json\/wp\/v2\/tags?post=135865"}],"curies":[{"name":"wp","href":"https:\/\/api.w.org\/{rel}","templated":true}]}}