{"id":135861,"date":"2025-09-10T17:00:45","date_gmt":"2025-09-10T20:00:45","guid":{"rendered":"https:\/\/onordeste.com.br\/?p=135861"},"modified":"2025-09-10T17:00:45","modified_gmt":"2025-09-10T20:00:45","slug":"aberto-o-prazo-recursal-contra-o-resultado-preliminar-da-1a-fase-do-44o-exame-de-ordem","status":"publish","type":"post","link":"https:\/\/iparaiba.com.br\/index.php\/2025\/09\/10\/aberto-o-prazo-recursal-contra-o-resultado-preliminar-da-1a-fase-do-44o-exame-de-ordem\/","title":{"rendered":"Aberto o prazo recursal contra o resultado preliminar da 1\u00aa fase do 44\u00ba Exame de Ordem"},"content":{"rendered":"<p>A Coordena\u00e7\u00e3o Nacional do Exame da Ordem Unificado (Coneor) e a Funda\u00e7\u00e3o Getulio Vargas (FGV) abriram, nesta quinta-feira (4\/9), o prazo recursal contra o gabarito preliminar da 1\u00aa fase (prova objetiva) do 44\u00ba Exame. Conforme o edital do certame, o prazo ser\u00e1 encerrado \u00e0s 12h desta sexta-feira (5\/9), pelo hor\u00e1rio oficial de Bras\u00edlia (DF).<\/p>\n<p>O resultado definitivo da prova objetiva, ap\u00f3s a an\u00e1lise dos eventuais questionamentos, est\u00e1 previsto para 17 de setembro. Os locais de realiza\u00e7\u00e3o da prova pr\u00e1tico-profissional ser\u00e3o divulgados posteriormente, na data prov\u00e1vel de 13 de outubro, sendo o exame previsto para o dia 19 do mesmo m\u00eas.<\/p>\n<p><a href=\"https:\/\/oab.fgv.br\/\" target=\"_blank\" rel=\"noopener\">Clique aqui para a apresenta\u00e7\u00e3o de recursos<\/a><\/p>\n<p><a href=\"https:\/\/examedeordem.oab.org.br\/EditaisProvas?NumeroExame=17000\" target=\"_blank\" rel=\"noopener\">Mais informa\u00e7\u00f5es sobre o 44\u00ba EOU<\/a><\/p>\n","protected":false},"excerpt":{"rendered":"<p>A Coordena\u00e7\u00e3o Nacional do Exame da Ordem Unificado (Coneor) e a Funda\u00e7\u00e3o Getulio Vargas (FGV) abriram, nesta quinta-feira (4\/9), o prazo recursal contra o gabarito preliminar da 1\u00aa fase (prova objetiva) do 44\u00ba Exame. Conforme o edital do certame, o prazo ser\u00e1 encerrado \u00e0s 12h desta sexta-feira (5\/9), pelo hor\u00e1rio oficial de Bras\u00edlia (DF). O &hellip;<\/p>\n","protected":false},"author":1,"featured_media":97627,"comment_status":"open","ping_status":"open","sticky":false,"template":"","format":"standard","meta":{"footnotes":""},"categories":[9],"tags":[],"class_list":["post-135861","post","type-post","status-publish","format-standard","has-post-thumbnail","hentry","category-justica"],"_links":{"self":[{"href":"https:\/\/iparaiba.com.br\/index.php\/wp-json\/wp\/v2\/posts\/135861","targetHints":{"allow":["GET"]}}],"collection":[{"href":"https:\/\/iparaiba.com.br\/index.php\/wp-json\/wp\/v2\/posts"}],"about":[{"href":"https:\/\/iparaiba.com.br\/index.php\/wp-json\/wp\/v2\/types\/post"}],"author":[{"embeddable":true,"href":"https:\/\/iparaiba.com.br\/index.php\/wp-json\/wp\/v2\/users\/1"}],"replies":[{"embeddable":true,"href":"https:\/\/iparaiba.com.br\/index.php\/wp-json\/wp\/v2\/comments?post=135861"}],"version-history":[{"count":1,"href":"https:\/\/iparaiba.com.br\/index.php\/wp-json\/wp\/v2\/posts\/135861\/revisions"}],"predecessor-version":[{"id":135897,"href":"https:\/\/iparaiba.com.br\/index.php\/wp-json\/wp\/v2\/posts\/135861\/revisions\/135897"}],"wp:featuredmedia":[{"embeddable":true,"href":"https:\/\/iparaiba.com.br\/index.php\/wp-json\/wp\/v2\/media\/97627"}],"wp:attachment":[{"href":"https:\/\/iparaiba.com.br\/index.php\/wp-json\/wp\/v2\/media?parent=135861"}],"wp:term":[{"taxonomy":"category","embeddable":true,"href":"https:\/\/iparaiba.com.br\/index.php\/wp-json\/wp\/v2\/categories?post=135861"},{"taxonomy":"post_tag","embeddable":true,"href":"https:\/\/iparaiba.com.br\/index.php\/wp-json\/wp\/v2\/tags?post=135861"}],"curies":[{"name":"wp","href":"https:\/\/api.w.org\/{rel}","templated":true}]}}