{"id":135857,"date":"2025-09-10T13:00:10","date_gmt":"2025-09-10T16:00:10","guid":{"rendered":"https:\/\/onordeste.com.br\/?p=135857"},"modified":"2025-09-10T13:00:10","modified_gmt":"2025-09-10T16:00:10","slug":"cmjp-anuncia-composicao-da-cpi-dos-combustiveis","status":"publish","type":"post","link":"https:\/\/iparaiba.com.br\/index.php\/2025\/09\/10\/cmjp-anuncia-composicao-da-cpi-dos-combustiveis\/","title":{"rendered":"CMJP anuncia composi\u00e7\u00e3o da CPI dos combust\u00edveis"},"content":{"rendered":"<p align=\"justify\">O presidente da C\u00e2mara Municipal de Jo\u00e3o Pessoa (CMJP), vereador Dinho Dowsley (PSD), anunciou, na sess\u00e3o desta ter\u00e7a-feira (9), a instala\u00e7\u00e3o da Comiss\u00e3o Parlamentar de Inqu\u00e9rito (CPI) para apurar e investigar poss\u00edveis pr\u00e1ticas de cartel entre os postos de combust\u00edveis da Capital, proposta pelo vereador Guguinha Moov Jampa (PSD). Na ocasi\u00e3o, o presidente tamb\u00e9m anunciou os vereadores integrantes do colegiado.<\/p>\n<p align=\"justify\">A comiss\u00e3o ter\u00e1 o vereador Raoni Mendes (DC) como presidente; Tarc\u00edsio Jardim (PP) como relator; e como membros a vereadora Jailma Carvalho (PSB) e os vereadores Mikika Leit\u00e3o (Republicanos), F\u00e1bio Carneiro (Solidariedade), F\u00e1bio Lopes (PL) e Guguinha Moov Jampa (PSD).<\/p>\n<p align=\"justify\">\u201cO presidente, no uso de suas atribui\u00e7\u00f5es, tendo em vista a Lei Org\u00e2nica do Munic\u00edpio e o Regimento Interno, tendo em vista o requerimento do vereador Guguinha Moov Jampa, resolve instituir a Comiss\u00e3o Parlamentar de Inqu\u00e9rito para apurar e investigar poss\u00edveis pr\u00e1ticas de cartel entre os postos de combust\u00edveis no Munic\u00edpio de Jo\u00e3o Pessoa, configurando afronta \u00e0 legisla\u00e7\u00e3o consumerista e poss\u00edvel viola\u00e7\u00e3o da Lei 12.529\/2011. A comiss\u00e3o ter\u00e1 o prazo de 120 dias para a conclus\u00e3o de seus trabalhos, a contar desta publica\u00e7\u00e3o\u201d, diz o Ato de Instala\u00e7\u00e3o da CPI.<\/p>\n<p align=\"justify\">O presidente Dinho citou o artigo 77, do Regimento Interno da Casa, para justificar a composi\u00e7\u00e3o da CPI dentro da representa\u00e7\u00e3o proporcional. \u201cBusquei seguir o Regimento Interno em cada ponto e v\u00edrgula, nada mais. Pela proporcionalidade, a bancada do governo indicou o vereador Raoni Mendes para a presid\u00eancia da CPI. O vereador Tarc\u00edsio Jardim (PP) trouxe cinco assinaturas pelo PP, ficando como relator. Como membros, quatro vereadores indicaram Mikika Leit\u00e3o pelo Republicanos. F\u00e1bio Carneiro foi indicado com tr\u00eas assinaturas pelo Bloco Parlamentar de Centro Democr\u00e1tico. Odon Bezerra, pelo PSB, indicou a vereadora Jailma Carvalho para participar. F\u00e1bio Lopes conseguiu duas assinaturas pelo PL. E o autor, Guguinha, \u00e9 o s\u00e9timo membro da CPI\u201d, esclareceu.<\/p>\n<p align=\"justify\">Dinho enfatizou que todos os vereadores est\u00e3o aptos a fazer parte das discuss\u00f5es dentro da CPI, durante as reuni\u00f5es. Os parlamentares que n\u00e3o integram oficialmente o colegiado apenas n\u00e3o ter\u00e3o direito a voto, quando solicitado. O presidente ressaltou tamb\u00e9m que, caso haja alguma discord\u00e2ncia sobre a composi\u00e7\u00e3o da comiss\u00e3o, \u00e9 poss\u00edvel a abertura de recurso.<\/p>\n<p align=\"justify\">CMJP<\/p>\n","protected":false},"excerpt":{"rendered":"<p>O presidente da C\u00e2mara Municipal de Jo\u00e3o Pessoa (CMJP), vereador Dinho Dowsley (PSD), anunciou, na sess\u00e3o desta ter\u00e7a-feira (9), a instala\u00e7\u00e3o da Comiss\u00e3o Parlamentar de Inqu\u00e9rito (CPI) para apurar e investigar poss\u00edveis pr\u00e1ticas de cartel entre os postos de combust\u00edveis da Capital, proposta pelo vereador Guguinha Moov Jampa (PSD). Na ocasi\u00e3o, o presidente tamb\u00e9m anunciou &hellip;<\/p>\n","protected":false},"author":1,"featured_media":134087,"comment_status":"open","ping_status":"open","sticky":false,"template":"","format":"standard","meta":{"footnotes":""},"categories":[8],"tags":[],"class_list":["post-135857","post","type-post","status-publish","format-standard","has-post-thumbnail","hentry","category-politica"],"_links":{"self":[{"href":"https:\/\/iparaiba.com.br\/index.php\/wp-json\/wp\/v2\/posts\/135857","targetHints":{"allow":["GET"]}}],"collection":[{"href":"https:\/\/iparaiba.com.br\/index.php\/wp-json\/wp\/v2\/posts"}],"about":[{"href":"https:\/\/iparaiba.com.br\/index.php\/wp-json\/wp\/v2\/types\/post"}],"author":[{"embeddable":true,"href":"https:\/\/iparaiba.com.br\/index.php\/wp-json\/wp\/v2\/users\/1"}],"replies":[{"embeddable":true,"href":"https:\/\/iparaiba.com.br\/index.php\/wp-json\/wp\/v2\/comments?post=135857"}],"version-history":[{"count":1,"href":"https:\/\/iparaiba.com.br\/index.php\/wp-json\/wp\/v2\/posts\/135857\/revisions"}],"predecessor-version":[{"id":135895,"href":"https:\/\/iparaiba.com.br\/index.php\/wp-json\/wp\/v2\/posts\/135857\/revisions\/135895"}],"wp:featuredmedia":[{"embeddable":true,"href":"https:\/\/iparaiba.com.br\/index.php\/wp-json\/wp\/v2\/media\/134087"}],"wp:attachment":[{"href":"https:\/\/iparaiba.com.br\/index.php\/wp-json\/wp\/v2\/media?parent=135857"}],"wp:term":[{"taxonomy":"category","embeddable":true,"href":"https:\/\/iparaiba.com.br\/index.php\/wp-json\/wp\/v2\/categories?post=135857"},{"taxonomy":"post_tag","embeddable":true,"href":"https:\/\/iparaiba.com.br\/index.php\/wp-json\/wp\/v2\/tags?post=135857"}],"curies":[{"name":"wp","href":"https:\/\/api.w.org\/{rel}","templated":true}]}}