{"id":135855,"date":"2025-09-10T10:58:02","date_gmt":"2025-09-10T13:58:02","guid":{"rendered":"https:\/\/onordeste.com.br\/?p=135855"},"modified":"2025-09-10T10:58:02","modified_gmt":"2025-09-10T13:58:02","slug":"alpb-aprova-projetos-de-apoio-a-maes-atipicas-e-enfrentamento-a-violencia-contra-mulher","status":"publish","type":"post","link":"https:\/\/iparaiba.com.br\/index.php\/2025\/09\/10\/alpb-aprova-projetos-de-apoio-a-maes-atipicas-e-enfrentamento-a-violencia-contra-mulher\/","title":{"rendered":"ALPB aprova projetos de apoio a m\u00e3es at\u00edpicas e enfrentamento \u00e0 viol\u00eancia contra mulher"},"content":{"rendered":"<p>A Assembleia Legislativa da Para\u00edba (ALPB) aprovou, por unanimidade,\u00a0 o Projeto de Lei 965\/2023, proposto pela deputada Jane Panta, que institui a Semana Estadual da M\u00e3e At\u00edpica e do Respons\u00e1vel Legal At\u00edpico. Durante a sess\u00e3o,\u00a0 os deputados aprovaram ainda mat\u00e9ria de enfrentamento \u00e0 viol\u00eancia contra a mulher na Para\u00edba.<\/p>\n<p>Ao defender a aprova\u00e7\u00e3o do Projeto de Lei, a deputada Jane Panta destacou a import\u00e2ncia da iniciativa em reconhecer e apoiar mulheres e respons\u00e1veis que enfrentam desafios adicionais na maternidade e no cuidado de filhos com necessidades especiais. \u201cEstas m\u00e3es ou respons\u00e1veis muitas vezes lidam com a cria\u00e7\u00e3o de forma unilateral, seja por escolha de se doar inteiramente a seu filho, ou infelizmente por ser abandonada por seu parceiro com o recebimento do diagn\u00f3stico do descendente\u201d, afirmou a parlamentar, ressaltando que o projeto busca proporcionar suporte emocional, compreens\u00e3o e valoriza\u00e7\u00e3o.<\/p>\n","protected":false},"excerpt":{"rendered":"<p>A Assembleia Legislativa da Para\u00edba (ALPB) aprovou, por unanimidade,\u00a0 o Projeto de Lei 965\/2023, proposto pela deputada Jane Panta, que institui a Semana Estadual da M\u00e3e At\u00edpica e do Respons\u00e1vel Legal At\u00edpico. Durante a sess\u00e3o,\u00a0 os deputados aprovaram ainda mat\u00e9ria de enfrentamento \u00e0 viol\u00eancia contra a mulher na Para\u00edba. Ao defender a aprova\u00e7\u00e3o do Projeto &hellip;<\/p>\n","protected":false},"author":1,"featured_media":108495,"comment_status":"open","ping_status":"open","sticky":false,"template":"","format":"standard","meta":{"footnotes":""},"categories":[8],"tags":[],"class_list":["post-135855","post","type-post","status-publish","format-standard","has-post-thumbnail","hentry","category-politica"],"_links":{"self":[{"href":"https:\/\/iparaiba.com.br\/index.php\/wp-json\/wp\/v2\/posts\/135855","targetHints":{"allow":["GET"]}}],"collection":[{"href":"https:\/\/iparaiba.com.br\/index.php\/wp-json\/wp\/v2\/posts"}],"about":[{"href":"https:\/\/iparaiba.com.br\/index.php\/wp-json\/wp\/v2\/types\/post"}],"author":[{"embeddable":true,"href":"https:\/\/iparaiba.com.br\/index.php\/wp-json\/wp\/v2\/users\/1"}],"replies":[{"embeddable":true,"href":"https:\/\/iparaiba.com.br\/index.php\/wp-json\/wp\/v2\/comments?post=135855"}],"version-history":[{"count":0,"href":"https:\/\/iparaiba.com.br\/index.php\/wp-json\/wp\/v2\/posts\/135855\/revisions"}],"wp:featuredmedia":[{"embeddable":true,"href":"https:\/\/iparaiba.com.br\/index.php\/wp-json\/wp\/v2\/media\/108495"}],"wp:attachment":[{"href":"https:\/\/iparaiba.com.br\/index.php\/wp-json\/wp\/v2\/media?parent=135855"}],"wp:term":[{"taxonomy":"category","embeddable":true,"href":"https:\/\/iparaiba.com.br\/index.php\/wp-json\/wp\/v2\/categories?post=135855"},{"taxonomy":"post_tag","embeddable":true,"href":"https:\/\/iparaiba.com.br\/index.php\/wp-json\/wp\/v2\/tags?post=135855"}],"curies":[{"name":"wp","href":"https:\/\/api.w.org\/{rel}","templated":true}]}}