{"id":135851,"date":"2025-09-10T10:51:33","date_gmt":"2025-09-10T13:51:33","guid":{"rendered":"https:\/\/onordeste.com.br\/?p=135851"},"modified":"2025-09-10T10:51:33","modified_gmt":"2025-09-10T13:51:33","slug":"lei-estabelece-acoes-para-reduzir-partos-prematuros","status":"publish","type":"post","link":"https:\/\/iparaiba.com.br\/index.php\/2025\/09\/10\/lei-estabelece-acoes-para-reduzir-partos-prematuros\/","title":{"rendered":"Lei estabelece a\u00e7\u00f5es para reduzir partos prematuros"},"content":{"rendered":"<p>Em 2023, mais de 303 mil gestantes deram \u00e0 luz a beb\u00eas que ainda n\u00e3o haviam completado 37 semanas de gesta\u00e7\u00e3o. Al\u00e9m de colocar o pa\u00eds entre as dez na\u00e7\u00f5es com os maiores n\u00fameros de casos de partos prematuros, o resultado aponta para um grave problema de sa\u00fade p\u00fablica.<\/p>\n<p>O Minist\u00e9rio da Sa\u00fade alerta que, ainda que muitos beb\u00eas nascidos prematuramente se desenvolvam bem, sem sequelas, \u00e9 fato que \u201co parto antes das 37 semanas pode expor o rec\u00e9m-nascido a diversas intercorr\u00eancias devido \u00e0 imaturidade de seus \u00f3rg\u00e3os e sistemas\u201d.<\/p>\n<p>Para fazer frente a esta quest\u00e3o que, segundo a Associa\u00e7\u00e3o Brasileira de Pais, Familiares, Amigos e Cuidadores de Beb\u00eas Prematuros (Prematuridade.com), \u201cexige pol\u00edticas p\u00fablicas consistentes, informa\u00e7\u00f5es qualificadas e uni\u00e3o de esfor\u00e7os\u201d, o Congresso Nacional aprovou, e o presidente Luiz In\u00e1cio Lula da Silva sancionou, a lei que estabelece como uma prioridade para o Poder P\u00fablico reduzir o n\u00famero de mortes de crian\u00e7as nascidas prematuramente e de \u00f3bitos das m\u00e3es.<\/p>\n<p>Publicada no Di\u00e1rio Oficial da Uni\u00e3o desta ter\u00e7a-feira (9), a Lei n\u00ba 15.198\/2025 define a\u00e7\u00f5es priorit\u00e1rias que o Poder P\u00fablico dever\u00e1 implementar para enfrentar e reduzir a mortalidade de beb\u00eas nascidos com menos de 37 semanas de gesta\u00e7\u00e3o e a mortalidade materna.<\/p>\n<p>Ag\u00eancia Brasil<\/p>\n","protected":false},"excerpt":{"rendered":"<p>Em 2023, mais de 303 mil gestantes deram \u00e0 luz a beb\u00eas que ainda n\u00e3o haviam completado 37 semanas de gesta\u00e7\u00e3o. Al\u00e9m de colocar o pa\u00eds entre as dez na\u00e7\u00f5es com os maiores n\u00fameros de casos de partos prematuros, o resultado aponta para um grave problema de sa\u00fade p\u00fablica. O Minist\u00e9rio da Sa\u00fade alerta que, &hellip;<\/p>\n","protected":false},"author":1,"featured_media":101649,"comment_status":"open","ping_status":"open","sticky":false,"template":"","format":"standard","meta":{"footnotes":""},"categories":[6],"tags":[],"class_list":["post-135851","post","type-post","status-publish","format-standard","has-post-thumbnail","hentry","category-destaques"],"_links":{"self":[{"href":"https:\/\/iparaiba.com.br\/index.php\/wp-json\/wp\/v2\/posts\/135851","targetHints":{"allow":["GET"]}}],"collection":[{"href":"https:\/\/iparaiba.com.br\/index.php\/wp-json\/wp\/v2\/posts"}],"about":[{"href":"https:\/\/iparaiba.com.br\/index.php\/wp-json\/wp\/v2\/types\/post"}],"author":[{"embeddable":true,"href":"https:\/\/iparaiba.com.br\/index.php\/wp-json\/wp\/v2\/users\/1"}],"replies":[{"embeddable":true,"href":"https:\/\/iparaiba.com.br\/index.php\/wp-json\/wp\/v2\/comments?post=135851"}],"version-history":[{"count":0,"href":"https:\/\/iparaiba.com.br\/index.php\/wp-json\/wp\/v2\/posts\/135851\/revisions"}],"wp:featuredmedia":[{"embeddable":true,"href":"https:\/\/iparaiba.com.br\/index.php\/wp-json\/wp\/v2\/media\/101649"}],"wp:attachment":[{"href":"https:\/\/iparaiba.com.br\/index.php\/wp-json\/wp\/v2\/media?parent=135851"}],"wp:term":[{"taxonomy":"category","embeddable":true,"href":"https:\/\/iparaiba.com.br\/index.php\/wp-json\/wp\/v2\/categories?post=135851"},{"taxonomy":"post_tag","embeddable":true,"href":"https:\/\/iparaiba.com.br\/index.php\/wp-json\/wp\/v2\/tags?post=135851"}],"curies":[{"name":"wp","href":"https:\/\/api.w.org\/{rel}","templated":true}]}}