{"id":135849,"date":"2025-09-10T10:49:42","date_gmt":"2025-09-10T13:49:42","guid":{"rendered":"https:\/\/onordeste.com.br\/?p=135849"},"modified":"2025-09-10T10:49:42","modified_gmt":"2025-09-10T13:49:42","slug":"projeto-de-lei-propoe-criacao-de-centro-de-defesa-da-mulher","status":"publish","type":"post","link":"https:\/\/iparaiba.com.br\/index.php\/2025\/09\/10\/projeto-de-lei-propoe-criacao-de-centro-de-defesa-da-mulher\/","title":{"rendered":"Projeto de lei prop\u00f5e cria\u00e7\u00e3o de Centro de Defesa da Mulher"},"content":{"rendered":"<p>O procurador-geral de Justi\u00e7a, Leonardo Quintans Coutinho, realizou, na manh\u00e3 desta ter\u00e7a-feira (09\/09), a entrega do projeto de lei complementar com altera\u00e7\u00f5es na Lei Org\u00e2nica do Minist\u00e9rio P\u00fablico da Para\u00edba (Lei n\u00ba 97\/2010) ao presidente da Assembleia Legislativa da Para\u00edba (ALPB), deputado Adriano Galdino.<\/p>\n<p>O projeto foi aprovado nessa segunda-feira (08\/09) pelo Col\u00e9gio de Procuradores de Justi\u00e7a.<\/p>\n<p>Na reuni\u00e3o, o procurador-geral explicou ao presidente da ALPB que um dos pontos do projeto \u00e9 a cria\u00e7\u00e3o do Centro de Apoio Operacional \u00e0s Promotorias de Justi\u00e7a de Defesa das Mulheres (CAO de Defesa da Mulher). Ele explicou ainda que esse novo Centro de Apoio ter\u00e1 o objetivo de fortalecer a atua\u00e7\u00e3o ministerial na tutela dos direitos fundamentais das mulheres, principalmente no enfrentamento da viol\u00eancia de g\u00eanero, que tem aumentado nos \u00faltimos anos.<\/p>\n<p>Al\u00e9m disso, foi explicado que o projeto faz uma altera\u00e7\u00e3o nos pressupostos para assun\u00e7\u00e3o de cargos do MPPB, adequando-os \u00e0 Lei Org\u00e2nica Nacional do Minist\u00e9rio P\u00fablico e \u00e0s recentes mudan\u00e7as na carreira do MPPB.<\/p>\n","protected":false},"excerpt":{"rendered":"<p>O procurador-geral de Justi\u00e7a, Leonardo Quintans Coutinho, realizou, na manh\u00e3 desta ter\u00e7a-feira (09\/09), a entrega do projeto de lei complementar com altera\u00e7\u00f5es na Lei Org\u00e2nica do Minist\u00e9rio P\u00fablico da Para\u00edba (Lei n\u00ba 97\/2010) ao presidente da Assembleia Legislativa da Para\u00edba (ALPB), deputado Adriano Galdino. O projeto foi aprovado nessa segunda-feira (08\/09) pelo Col\u00e9gio de Procuradores &hellip;<\/p>\n","protected":false},"author":1,"featured_media":115221,"comment_status":"open","ping_status":"open","sticky":false,"template":"","format":"standard","meta":{"footnotes":""},"categories":[8],"tags":[],"class_list":["post-135849","post","type-post","status-publish","format-standard","has-post-thumbnail","hentry","category-politica"],"_links":{"self":[{"href":"https:\/\/iparaiba.com.br\/index.php\/wp-json\/wp\/v2\/posts\/135849","targetHints":{"allow":["GET"]}}],"collection":[{"href":"https:\/\/iparaiba.com.br\/index.php\/wp-json\/wp\/v2\/posts"}],"about":[{"href":"https:\/\/iparaiba.com.br\/index.php\/wp-json\/wp\/v2\/types\/post"}],"author":[{"embeddable":true,"href":"https:\/\/iparaiba.com.br\/index.php\/wp-json\/wp\/v2\/users\/1"}],"replies":[{"embeddable":true,"href":"https:\/\/iparaiba.com.br\/index.php\/wp-json\/wp\/v2\/comments?post=135849"}],"version-history":[{"count":0,"href":"https:\/\/iparaiba.com.br\/index.php\/wp-json\/wp\/v2\/posts\/135849\/revisions"}],"wp:featuredmedia":[{"embeddable":true,"href":"https:\/\/iparaiba.com.br\/index.php\/wp-json\/wp\/v2\/media\/115221"}],"wp:attachment":[{"href":"https:\/\/iparaiba.com.br\/index.php\/wp-json\/wp\/v2\/media?parent=135849"}],"wp:term":[{"taxonomy":"category","embeddable":true,"href":"https:\/\/iparaiba.com.br\/index.php\/wp-json\/wp\/v2\/categories?post=135849"},{"taxonomy":"post_tag","embeddable":true,"href":"https:\/\/iparaiba.com.br\/index.php\/wp-json\/wp\/v2\/tags?post=135849"}],"curies":[{"name":"wp","href":"https:\/\/api.w.org\/{rel}","templated":true}]}}