{"id":135803,"date":"2025-09-01T13:18:03","date_gmt":"2025-09-01T16:18:03","guid":{"rendered":"https:\/\/onordeste.com.br\/?p=135764"},"modified":"2025-09-01T13:18:03","modified_gmt":"2025-09-01T16:18:03","slug":"alpb-discute-processo-de-implantacao-de-energias-renovaveis","status":"publish","type":"post","link":"https:\/\/iparaiba.com.br\/index.php\/2025\/09\/01\/alpb-discute-processo-de-implantacao-de-energias-renovaveis\/","title":{"rendered":"ALPB discute processo de implanta\u00e7\u00e3o de energias renov\u00e1veis"},"content":{"rendered":"<p>A Assembleia Legislativa da Para\u00edba (ALPB) realizou, nesta quinta-feira (28), audi\u00eancia p\u00fablica no munic\u00edpio de Cuit\u00e9 com o objetivo de discutir o processo de implanta\u00e7\u00e3o de energias renov\u00e1veis no estado. O debate foi proposto pela deputada Cida Ramos, no \u00e2mbito da Frente Parlamentar da Agricultura Familiar, Agroecologia e Energias Renov\u00e1veis.<\/p>\n<p>A deputada ressaltou a import\u00e2ncia de descentralizar a discuss\u00e3o sobre o tema, ouvindo a popula\u00e7\u00e3o de diferentes munic\u00edpios e regi\u00f5es da Para\u00edba. Cida lembrou que debates sobre o tema j\u00e1 aconteceram em Jo\u00e3o Pessoa e em Teixeira, no Sert\u00e3o paraibano, e avaliou como fundamental ouvir da popula\u00e7\u00e3o suas demandas e problemas relacionados aos parques e\u00f3licos para que, desta forma, o parlamento possa apresentar solu\u00e7\u00f5es, melhorias e elaborar uma legisla\u00e7\u00e3o eficiente sobre o tema, que agregue benef\u00edcios aos moradores dos munic\u00edpios, assim como, ao meio ambiente.<\/p>\n<p>\u201cN\u00f3s estamos aqui com v\u00e1rios especialistas, com o Minist\u00e9rio P\u00fablico, representantes da Igreja, com as pessoas que tem experi\u00eancias e que v\u00e3o trazer seus relatos. Aqui, \u00e9 pra discutirmos e a Assembleia Legislativa cumpre o papel de estar ao lado da popula\u00e7\u00e3o, mandato de deputado \u00e9 para fazer a defesa do povo paraibano\u201d, declarou Cida.<\/p>\n","protected":false},"excerpt":{"rendered":"<p>A Assembleia Legislativa da Para\u00edba (ALPB) realizou, nesta quinta-feira (28), audi\u00eancia p\u00fablica no munic\u00edpio de Cuit\u00e9 com o objetivo de discutir o processo de implanta\u00e7\u00e3o de energias renov\u00e1veis no estado. O debate foi proposto pela deputada Cida Ramos, no \u00e2mbito da Frente Parlamentar da Agricultura Familiar, Agroecologia e Energias Renov\u00e1veis. A deputada ressaltou a import\u00e2ncia &hellip;<\/p>\n","protected":false},"author":1,"featured_media":98820,"comment_status":"open","ping_status":"open","sticky":false,"template":"","format":"standard","meta":{"footnotes":""},"categories":[3],"tags":[],"class_list":["post-135803","post","type-post","status-publish","format-standard","has-post-thumbnail","hentry","category-nordeste"],"_links":{"self":[{"href":"https:\/\/iparaiba.com.br\/index.php\/wp-json\/wp\/v2\/posts\/135803","targetHints":{"allow":["GET"]}}],"collection":[{"href":"https:\/\/iparaiba.com.br\/index.php\/wp-json\/wp\/v2\/posts"}],"about":[{"href":"https:\/\/iparaiba.com.br\/index.php\/wp-json\/wp\/v2\/types\/post"}],"author":[{"embeddable":true,"href":"https:\/\/iparaiba.com.br\/index.php\/wp-json\/wp\/v2\/users\/1"}],"replies":[{"embeddable":true,"href":"https:\/\/iparaiba.com.br\/index.php\/wp-json\/wp\/v2\/comments?post=135803"}],"version-history":[{"count":0,"href":"https:\/\/iparaiba.com.br\/index.php\/wp-json\/wp\/v2\/posts\/135803\/revisions"}],"wp:featuredmedia":[{"embeddable":true,"href":"https:\/\/iparaiba.com.br\/index.php\/wp-json\/wp\/v2\/media\/98820"}],"wp:attachment":[{"href":"https:\/\/iparaiba.com.br\/index.php\/wp-json\/wp\/v2\/media?parent=135803"}],"wp:term":[{"taxonomy":"category","embeddable":true,"href":"https:\/\/iparaiba.com.br\/index.php\/wp-json\/wp\/v2\/categories?post=135803"},{"taxonomy":"post_tag","embeddable":true,"href":"https:\/\/iparaiba.com.br\/index.php\/wp-json\/wp\/v2\/tags?post=135803"}],"curies":[{"name":"wp","href":"https:\/\/api.w.org\/{rel}","templated":true}]}}