{"id":135801,"date":"2025-09-01T13:15:26","date_gmt":"2025-09-01T16:15:26","guid":{"rendered":"https:\/\/onordeste.com.br\/?p=135760"},"modified":"2025-09-01T13:15:26","modified_gmt":"2025-09-01T16:15:26","slug":"sete-de-setembro-fanfarra-treze-de-julho-da-prefeitura-esta-ultimando-preparativos-para-o-desfile-civico","status":"publish","type":"post","link":"https:\/\/iparaiba.com.br\/index.php\/2025\/09\/01\/sete-de-setembro-fanfarra-treze-de-julho-da-prefeitura-esta-ultimando-preparativos-para-o-desfile-civico\/","title":{"rendered":"Sete de Setembro: Fanfarra Treze de Julho da Prefeitura est\u00e1 ultimando preparativos para o desfile c\u00edvico"},"content":{"rendered":"<p>Em mais um ano, a banda fanfarra \u2018Treze de Julho\u2019, da Prefeitura de Campina Grande, atrav\u00e9s do Centro de Refer\u00eancia em Assist\u00eancia Social (Cras), Bodocong\u00f3, ligado \u00e0 Secretaria de Assist\u00eancia Social (Semas), est\u00e1 ultimando os preparativos para o desfile de Sete de Setembro, que este ano tem como tema: \u201cBrasil: ra\u00edzes que nos unem, diversidade que nos fortalece\u201d. A banda formada por crian\u00e7as e adolescentes atendidos pelo Servi\u00e7o de Conviv\u00eancia e Fortalecimento de V\u00ednculos (SCFV), vem realizando os ensaios desde o \u00faltimo m\u00eas de julho, de segunda \u00e0 quarta-feira, no per\u00edodo manh\u00e3 e tarde.<\/p>\n<p>De acordo com o professor e m\u00fasico, Moab Brito, durante os ensaios, os 21 componentes ficam ainda mais animados, porque a comunidade, acompanha de perto tudo que est\u00e1 sendo preparado para este ano e isso motiva ainda mais todo os integrantes. A banda tamb\u00e9m circula nas proximidades do Centro Dia, situado no Conjunto dos Professores, nas imedia\u00e7\u00f5es do Cras Malvinas, fazendo a alegria de usu\u00e1rios tamb\u00e9m atendidos na unidade, e pr\u00f3ximo \u00e0 UEPB.<\/p>\n<p>Este ano, a banda estar\u00e1 levando para avenida um repert\u00f3rio cultural misturado com o popular, com m\u00fasicas conhecidas do p\u00fablico como \u2018Asa Branca\u2019, de Luiz Gonzaga e outras como \u2018Rei da Vaquejada\u2019, de Wesley Safad\u00e3o, numa pegada mais animada. De acordo o instrutor, todo ano quando se aproxima o m\u00eas de setembro, os componentes ficam ansiosos para mostrar o resultado de todo o trabalho realizado durante os ensaios.<\/p>\n<p>\u201cA ideia de todos os anos \u00e9 mostrar que a fanfarra \u00e9 mais do que m\u00fasica, \u00e9 integra\u00e7\u00e3o, cultura e movimento na comunidade. Os m\u00fasicos mirins, tamb\u00e9m tem a oportunidade de mostrar no desfile de Sete de Setembro, as notas que aprimoraram durante os ensaios e os demais integrantes, em especial, das coreografias, tamb\u00e9m vivenciam esse momento c\u00edvico e muito especial para todos eles\u201d, disse o professor, Moab Brito.<\/p>\n<p>\u201cAs crian\u00e7as e adolescentes da nossa unidade amam fazer parte da fanfarra, porque \u00e9 antes de tudo, um espa\u00e7o de valoriza\u00e7\u00e3o, de mostrar talentos. A m\u00fasica tanto traz alegria, como tamb\u00e9m \u00e9 terap\u00eautico e eles gostam demais, especialmente no dia 7 de Setembro, quando tamb\u00e9m convidam suas fam\u00edlias para acompanhar o desfile. Todos se tornam protagonistas, nesse momento especial\u201d, disse a coordenadora da Cras, Raquel Souza.<\/p>\n<p>Para o secret\u00e1rio F\u00e1bio Thoma, mais do que valorizar as nossas crian\u00e7as e adolescentes, a banda Fanfarra &#8216;Treze de Julho\u2019, h\u00e1 muitos anos, resgata valores na comunidade. Crian\u00e7as e adolescentes que se envolvem com a arte da m\u00fasica logo cedo e levam esses ensinamentos pra vida. \u00c9 algo imensur\u00e1vel e temos muito orgulho do trabalho realizado pela Semas, atrav\u00e9s dos nossos t\u00e9cnicos na unidade.\u201d, concluiu o secret\u00e1rio<\/p>\n","protected":false},"excerpt":{"rendered":"<p>Em mais um ano, a banda fanfarra \u2018Treze de Julho\u2019, da Prefeitura de Campina Grande, atrav\u00e9s do Centro de Refer\u00eancia em Assist\u00eancia Social (Cras), Bodocong\u00f3, ligado \u00e0 Secretaria de Assist\u00eancia Social (Semas), est\u00e1 ultimando os preparativos para o desfile de Sete de Setembro, que este ano tem como tema: \u201cBrasil: ra\u00edzes que nos unem, diversidade &hellip;<\/p>\n","protected":false},"author":1,"featured_media":116658,"comment_status":"open","ping_status":"open","sticky":false,"template":"","format":"standard","meta":{"footnotes":""},"categories":[4],"tags":[],"class_list":["post-135801","post","type-post","status-publish","format-standard","has-post-thumbnail","hentry","category-cultura"],"_links":{"self":[{"href":"https:\/\/iparaiba.com.br\/index.php\/wp-json\/wp\/v2\/posts\/135801","targetHints":{"allow":["GET"]}}],"collection":[{"href":"https:\/\/iparaiba.com.br\/index.php\/wp-json\/wp\/v2\/posts"}],"about":[{"href":"https:\/\/iparaiba.com.br\/index.php\/wp-json\/wp\/v2\/types\/post"}],"author":[{"embeddable":true,"href":"https:\/\/iparaiba.com.br\/index.php\/wp-json\/wp\/v2\/users\/1"}],"replies":[{"embeddable":true,"href":"https:\/\/iparaiba.com.br\/index.php\/wp-json\/wp\/v2\/comments?post=135801"}],"version-history":[{"count":0,"href":"https:\/\/iparaiba.com.br\/index.php\/wp-json\/wp\/v2\/posts\/135801\/revisions"}],"wp:featuredmedia":[{"embeddable":true,"href":"https:\/\/iparaiba.com.br\/index.php\/wp-json\/wp\/v2\/media\/116658"}],"wp:attachment":[{"href":"https:\/\/iparaiba.com.br\/index.php\/wp-json\/wp\/v2\/media?parent=135801"}],"wp:term":[{"taxonomy":"category","embeddable":true,"href":"https:\/\/iparaiba.com.br\/index.php\/wp-json\/wp\/v2\/categories?post=135801"},{"taxonomy":"post_tag","embeddable":true,"href":"https:\/\/iparaiba.com.br\/index.php\/wp-json\/wp\/v2\/tags?post=135801"}],"curies":[{"name":"wp","href":"https:\/\/api.w.org\/{rel}","templated":true}]}}