{"id":135800,"date":"2025-09-01T13:13:19","date_gmt":"2025-09-01T16:13:19","guid":{"rendered":"https:\/\/onordeste.com.br\/?p=135758"},"modified":"2025-09-01T13:13:19","modified_gmt":"2025-09-01T16:13:19","slug":"prefeitura-lanca-sine-conecta-no-partage-shopping","status":"publish","type":"post","link":"https:\/\/iparaiba.com.br\/index.php\/2025\/09\/01\/prefeitura-lanca-sine-conecta-no-partage-shopping\/","title":{"rendered":"Prefeitura lan\u00e7a SINE Conecta+ no Partage Shopping"},"content":{"rendered":"<p style=\"font-weight: 400;\">A Prefeitura de Campina Grande, por meio do Sine Municipal da Secretaria de Assist\u00eancia Social (Semas), em parceria com o Partage Shopping, lan\u00e7a na pr\u00f3xima segunda-feira (1) o SINE Conecta+. O projeto vai funcionar durante todo o m\u00eas de setembro, oferecendo servi\u00e7os gratuitos que aproximam a popula\u00e7\u00e3o das oportunidades reais de emprego, capacita\u00e7\u00e3o e orienta\u00e7\u00e3o profissional.<\/p>\n<p style=\"font-weight: 400;\">A a\u00e7\u00e3o acontece de segunda a sexta-feira, das 10h \u00e0s 17h, em uma unidade especial do Sine instalada dentro do shopping, localizada no Piso Otac\u00edlio. O espa\u00e7o foi planejado para receber os trabalhadores em um ambiente acess\u00edvel, moderno e acolhedor, facilitando o contato direto com empresas parceiras e ampliando as chances de inser\u00e7\u00e3o no mercado de trabalho.<\/p>\n<p style=\"font-weight: 400;\">No local, ser\u00e1 poss\u00edvel cadastrar curr\u00edculos, receber orienta\u00e7\u00f5es profissionais, se candidatar a vagas de emprego e participar de atividades especiais. Entre os destaques est\u00e3o o Feir\u00e3o de Empregos, o Feir\u00e3o PCD realizado entre os dias 8 e 12 de setembro, com foco em pessoas com defici\u00eancia, em parceria com o Conselho Municipal de Defesa dos Direitos da Pessoa com Defici\u00eancia e a Coordenadoria da Pessoa com Defici\u00eancia, al\u00e9m do atendimento direcionado a jovens em busca da primeira oportunidade como Jovem Aprendiz.<\/p>\n<p style=\"font-weight: 400;\">O secret\u00e1rio da Semas, F\u00e1bio Thoma, ressaltou a relev\u00e2ncia da iniciativa para Campina Grande: \u201cO SINE Conecta+ \u00e9 um grande marco para a cidade. Estamos aproximando empresas e trabalhadores em um ambiente acess\u00edvel e inovador. Essa a\u00e7\u00e3o mostra o compromisso da Prefeitura em gerar oportunidades, fortalecer a inclus\u00e3o e transformar a vida das pessoas atrav\u00e9s do emprego e da capacita\u00e7\u00e3o.\u201d<\/p>\n<p style=\"font-weight: 400;\">J\u00e1 o coordenador do Sine Municipal, Ricardo Crisanto, destacou a import\u00e2ncia pr\u00e1tica do projeto para quem busca espa\u00e7o no mercado de trabalho:<\/p>\n<p style=\"font-weight: 400;\">\u201cMuitos trabalhadores enfrentam dificuldades at\u00e9 mesmo para chegar ao Sine. Ao levarmos os servi\u00e7os para um espa\u00e7o de f\u00e1cil acesso como o Partage Shopping, ampliamos as oportunidades e damos mais agilidade na conex\u00e3o entre empresas e candidatos. Essa \u00e9 uma chance concreta de mudar a vida de muita gente.\u201d<\/p>\n<p style=\"font-weight: 400;\">Com apoio de diversas empresas e institui\u00e7\u00f5es, o SINE Conecta+ refor\u00e7a o compromisso da gest\u00e3o municipal em promover desenvolvimento, dignidade e futuro melhor para a popula\u00e7\u00e3o oferecendo orienta\u00e7\u00e3o profissional e acesso a vagas de trabalho ao longo de todo o m\u00eas, em um grande feir\u00e3o de empregos com atendimento gratuito.<\/p>\n","protected":false},"excerpt":{"rendered":"<p>A Prefeitura de Campina Grande, por meio do Sine Municipal da Secretaria de Assist\u00eancia Social (Semas), em parceria com o Partage Shopping, lan\u00e7a na pr\u00f3xima segunda-feira (1) o SINE Conecta+. O projeto vai funcionar durante todo o m\u00eas de setembro, oferecendo servi\u00e7os gratuitos que aproximam a popula\u00e7\u00e3o das oportunidades reais de emprego, capacita\u00e7\u00e3o e orienta\u00e7\u00e3o &hellip;<\/p>\n","protected":false},"author":1,"featured_media":97583,"comment_status":"open","ping_status":"open","sticky":false,"template":"","format":"standard","meta":{"footnotes":""},"categories":[15],"tags":[],"class_list":["post-135800","post","type-post","status-publish","format-standard","has-post-thumbnail","hentry","category-links"],"_links":{"self":[{"href":"https:\/\/iparaiba.com.br\/index.php\/wp-json\/wp\/v2\/posts\/135800","targetHints":{"allow":["GET"]}}],"collection":[{"href":"https:\/\/iparaiba.com.br\/index.php\/wp-json\/wp\/v2\/posts"}],"about":[{"href":"https:\/\/iparaiba.com.br\/index.php\/wp-json\/wp\/v2\/types\/post"}],"author":[{"embeddable":true,"href":"https:\/\/iparaiba.com.br\/index.php\/wp-json\/wp\/v2\/users\/1"}],"replies":[{"embeddable":true,"href":"https:\/\/iparaiba.com.br\/index.php\/wp-json\/wp\/v2\/comments?post=135800"}],"version-history":[{"count":0,"href":"https:\/\/iparaiba.com.br\/index.php\/wp-json\/wp\/v2\/posts\/135800\/revisions"}],"wp:featuredmedia":[{"embeddable":true,"href":"https:\/\/iparaiba.com.br\/index.php\/wp-json\/wp\/v2\/media\/97583"}],"wp:attachment":[{"href":"https:\/\/iparaiba.com.br\/index.php\/wp-json\/wp\/v2\/media?parent=135800"}],"wp:term":[{"taxonomy":"category","embeddable":true,"href":"https:\/\/iparaiba.com.br\/index.php\/wp-json\/wp\/v2\/categories?post=135800"},{"taxonomy":"post_tag","embeddable":true,"href":"https:\/\/iparaiba.com.br\/index.php\/wp-json\/wp\/v2\/tags?post=135800"}],"curies":[{"name":"wp","href":"https:\/\/api.w.org\/{rel}","templated":true}]}}