{"id":135798,"date":"2025-08-25T10:02:42","date_gmt":"2025-08-25T13:02:42","guid":{"rendered":"https:\/\/onordeste.com.br\/?p=135754"},"modified":"2025-08-25T10:02:42","modified_gmt":"2025-08-25T13:02:42","slug":"orcamento-participativo-de-campina-grande-define-calendario-de-atividades","status":"publish","type":"post","link":"https:\/\/iparaiba.com.br\/index.php\/2025\/08\/25\/orcamento-participativo-de-campina-grande-define-calendario-de-atividades\/","title":{"rendered":"Or\u00e7amento Participativo de Campina Grande define calend\u00e1rio de atividades"},"content":{"rendered":"<p>O Or\u00e7amento Participativo de Campina Grande (OPA) realizou uma reuni\u00e3o no Clube da Bolsa com o objetivo de definir o calend\u00e1rio de atividades para o segundo semestre deste ano.<\/p>\n<p>O encontro foi conduzido pela coordenadora Crizane Xavier e contou com a presen\u00e7a de conselheiros, membros da Executiva e delegados de todas as regi\u00f5es da cidade que participaram ativamente, apresentando sugest\u00f5es e propostas para fortalecer as a\u00e7\u00f5es do OPA. A reuni\u00e3o tamb\u00e9m contou com a presen\u00e7a do chefe de Gabinete da Prefeitura de Campina Grande, F\u00e1bio Ramalho.<\/p>\n<p>&nbsp;<\/p>\n","protected":false},"excerpt":{"rendered":"<p>O Or\u00e7amento Participativo de Campina Grande (OPA) realizou uma reuni\u00e3o no Clube da Bolsa com o objetivo de definir o calend\u00e1rio de atividades para o segundo semestre deste ano. O encontro foi conduzido pela coordenadora Crizane Xavier e contou com a presen\u00e7a de conselheiros, membros da Executiva e delegados de todas as regi\u00f5es da cidade &hellip;<\/p>\n","protected":false},"author":1,"featured_media":97479,"comment_status":"open","ping_status":"open","sticky":false,"template":"","format":"standard","meta":{"footnotes":""},"categories":[7],"tags":[],"class_list":["post-135798","post","type-post","status-publish","format-standard","has-post-thumbnail","hentry","category-diversas"],"_links":{"self":[{"href":"https:\/\/iparaiba.com.br\/index.php\/wp-json\/wp\/v2\/posts\/135798","targetHints":{"allow":["GET"]}}],"collection":[{"href":"https:\/\/iparaiba.com.br\/index.php\/wp-json\/wp\/v2\/posts"}],"about":[{"href":"https:\/\/iparaiba.com.br\/index.php\/wp-json\/wp\/v2\/types\/post"}],"author":[{"embeddable":true,"href":"https:\/\/iparaiba.com.br\/index.php\/wp-json\/wp\/v2\/users\/1"}],"replies":[{"embeddable":true,"href":"https:\/\/iparaiba.com.br\/index.php\/wp-json\/wp\/v2\/comments?post=135798"}],"version-history":[{"count":0,"href":"https:\/\/iparaiba.com.br\/index.php\/wp-json\/wp\/v2\/posts\/135798\/revisions"}],"wp:featuredmedia":[{"embeddable":true,"href":"https:\/\/iparaiba.com.br\/index.php\/wp-json\/wp\/v2\/media\/97479"}],"wp:attachment":[{"href":"https:\/\/iparaiba.com.br\/index.php\/wp-json\/wp\/v2\/media?parent=135798"}],"wp:term":[{"taxonomy":"category","embeddable":true,"href":"https:\/\/iparaiba.com.br\/index.php\/wp-json\/wp\/v2\/categories?post=135798"},{"taxonomy":"post_tag","embeddable":true,"href":"https:\/\/iparaiba.com.br\/index.php\/wp-json\/wp\/v2\/tags?post=135798"}],"curies":[{"name":"wp","href":"https:\/\/api.w.org\/{rel}","templated":true}]}}