{"id":135783,"date":"2025-09-01T15:00:16","date_gmt":"2025-09-01T18:00:16","guid":{"rendered":"https:\/\/onordeste.com.br\/?p=135766"},"modified":"2025-09-01T15:00:16","modified_gmt":"2025-09-01T18:00:16","slug":"procon-cg-vai-apresentar-o-programa-procon-saude","status":"publish","type":"post","link":"https:\/\/iparaiba.com.br\/index.php\/2025\/09\/01\/procon-cg-vai-apresentar-o-programa-procon-saude\/","title":{"rendered":"Procon-CG vai apresentar o Programa Procon Sa\u00fade"},"content":{"rendered":"<p style=\"font-weight: 400;\">O Procon de Campina Grande recebeu um convite para participar de uma audi\u00eancia da Comiss\u00e3o de Sa\u00fade em Bras\u00edlia. Ser\u00e1 no dia 02 do pr\u00f3ximo m\u00eas de setembro, \u00e0s 15h, e ter\u00e1 como pauta central a sa\u00fade suplementar no Brasil, com destaque para as pr\u00e1ticas abusivas, negativas indevidas e o aumento da judicializa\u00e7\u00e3o no setor.<\/p>\n<p style=\"font-weight: 400;\">O convite partiu do deputado federal Jos\u00e9 Vitor, presidente da Comiss\u00e3o de Sa\u00fade da C\u00e2mara dos Deputados, por meio de Jos\u00e9 Ramalho Neto, presidente da Ag\u00eancia Nacional de Desenvolvimento Sustent\u00e1vel (ANDESS), para participa\u00e7\u00e3o na audi\u00eancia da Comiss\u00e3o de Sa\u00fade em Bras\u00edlia.<\/p>\n<p style=\"font-weight: 400;\">Durante a audi\u00eancia, o Procon-CG apresentar\u00e1 o programa Procon Sa\u00fade, desenvolvido em Campina Grande como uma medida concreta de defesa dos consumidores e de promo\u00e7\u00e3o da \u00e9tica na sa\u00fade suplementar. O programa conta tamb\u00e9m com o acordo de coopera\u00e7\u00e3o t\u00e9cnica com a Ag\u00eancia Nacional de Sa\u00fade Suplementar (ANS), fortalecendo sua atua\u00e7\u00e3o e ampliando seu alcance.<\/p>\n<p style=\"font-weight: 400;\">&#8220;Participar desse debate nacional \u00e9 uma oportunidade de mostrar que iniciativas, como a do Procon Sa\u00fade, t\u00eam um impacto real na vida dos consumidores, garantindo mais transpar\u00eancia, \u00e9tica e prote\u00e7\u00e3o no setor de sa\u00fade suplementar\u201d, ressaltou Waldeny Santana, coordenador do Procon-CG.<\/p>\n","protected":false},"excerpt":{"rendered":"<p>O Procon de Campina Grande recebeu um convite para participar de uma audi\u00eancia da Comiss\u00e3o de Sa\u00fade em Bras\u00edlia. Ser\u00e1 no dia 02 do pr\u00f3ximo m\u00eas de setembro, \u00e0s 15h, e ter\u00e1 como pauta central a sa\u00fade suplementar no Brasil, com destaque para as pr\u00e1ticas abusivas, negativas indevidas e o aumento da judicializa\u00e7\u00e3o no setor. &hellip;<\/p>\n","protected":false},"author":1,"featured_media":115390,"comment_status":"open","ping_status":"open","sticky":false,"template":"","format":"standard","meta":{"footnotes":""},"categories":[7],"tags":[],"class_list":["post-135783","post","type-post","status-publish","format-standard","has-post-thumbnail","hentry","category-diversas"],"_links":{"self":[{"href":"https:\/\/iparaiba.com.br\/index.php\/wp-json\/wp\/v2\/posts\/135783","targetHints":{"allow":["GET"]}}],"collection":[{"href":"https:\/\/iparaiba.com.br\/index.php\/wp-json\/wp\/v2\/posts"}],"about":[{"href":"https:\/\/iparaiba.com.br\/index.php\/wp-json\/wp\/v2\/types\/post"}],"author":[{"embeddable":true,"href":"https:\/\/iparaiba.com.br\/index.php\/wp-json\/wp\/v2\/users\/1"}],"replies":[{"embeddable":true,"href":"https:\/\/iparaiba.com.br\/index.php\/wp-json\/wp\/v2\/comments?post=135783"}],"version-history":[{"count":1,"href":"https:\/\/iparaiba.com.br\/index.php\/wp-json\/wp\/v2\/posts\/135783\/revisions"}],"predecessor-version":[{"id":135804,"href":"https:\/\/iparaiba.com.br\/index.php\/wp-json\/wp\/v2\/posts\/135783\/revisions\/135804"}],"wp:featuredmedia":[{"embeddable":true,"href":"https:\/\/iparaiba.com.br\/index.php\/wp-json\/wp\/v2\/media\/115390"}],"wp:attachment":[{"href":"https:\/\/iparaiba.com.br\/index.php\/wp-json\/wp\/v2\/media?parent=135783"}],"wp:term":[{"taxonomy":"category","embeddable":true,"href":"https:\/\/iparaiba.com.br\/index.php\/wp-json\/wp\/v2\/categories?post=135783"},{"taxonomy":"post_tag","embeddable":true,"href":"https:\/\/iparaiba.com.br\/index.php\/wp-json\/wp\/v2\/tags?post=135783"}],"curies":[{"name":"wp","href":"https:\/\/api.w.org\/{rel}","templated":true}]}}