{"id":135757,"date":"2025-08-25T09:00:28","date_gmt":"2025-08-25T12:00:28","guid":{"rendered":"https:\/\/onordeste.com.br\/?p=135701"},"modified":"2025-08-25T09:00:28","modified_gmt":"2025-08-25T12:00:28","slug":"lucas-celebra-primeiro-evento-do-centro-de-convencoes","status":"publish","type":"post","link":"https:\/\/iparaiba.com.br\/index.php\/2025\/08\/25\/lucas-celebra-primeiro-evento-do-centro-de-convencoes\/","title":{"rendered":"Lucas celebra primeiro evento do Centro de Conven\u00e7\u00f5es"},"content":{"rendered":"<p>O vice-governador da Para\u00edba, Lucas Ribeiro, participou nesse s\u00e1bado (23), em Campina Grande, da Feira do Empreendedor 2025, onde proferiu palestra sobre o Programa Empreender Para\u00edba, pol\u00edtica p\u00fablica de cr\u00e9dito orientado que tem transformado vidas e impulsionado o empreendedorismo em todo o estado. Ele tamb\u00e9m visitou os espa\u00e7os de exposi\u00e7\u00e3o do evento, que contou com a participa\u00e7\u00e3o de diversos \u00f3rg\u00e3os do Governo do Estado.<\/p>\n<p>Na palestra, o vice-governador ressaltou que o Empreender PB vai al\u00e9m da concess\u00e3o de cr\u00e9dito. \u201cMais que dinheiro, o programa \u00e9 um investimento em sonhos, capacita\u00e7\u00e3o e oportunidades. Acreditar na nossa gente \u00e9 o melhor neg\u00f3cio. Desde 2019, o programa j\u00e1 beneficiou mais de 20 mil paraibanos, com R$ 165 milh\u00f5es aplicados na economia popular e isso, sem d\u00favidas, vem colaborando para os excelentes \u00edndices de crescimento econ\u00f4mico que o nosso estado vem alcan\u00e7ando\u201d, destacou o vice-governador.<\/p>\n<p>Apenas em 2025, j\u00e1 foram assinados mais de 2 mil contratos, somando R$ 22 milh\u00f5es em cr\u00e9dito liberado em todas as regi\u00f5es do estado. Lucas Ribeiro explicou ainda o car\u00e1ter inclusivo da iniciativa, que tem 61% do p\u00fablico formado por mulheres, e apresentou hist\u00f3rias de empreendedores que mudaram de vida com o apoio do programa, como a confeiteira Datiele Santos, de Campina Grande, e a empres\u00e1ria L\u00edgia Maia, de Cajazeiras. \u201cQuando o governo estende a m\u00e3o, as pessoas respondem com trabalho, inova\u00e7\u00e3o e sucesso. \u00c9 isso que transforma vidas\u201d, afirmou.<\/p>\n<p>Ap\u00f3s a palestra, o vice-governador circulou pela Feira do Empreendedor para conhecer as atividades simult\u00e2neas e visitar os estandes do Governo do Estado, que levou ao evento a\u00e7\u00f5es da Secretaria de Turismo e Desenvolvimento Econ\u00f4mico, Empreender PB, PBTur, Jucep, Programa do Artesanato Paraibano, al\u00e9m de outras secretarias e \u00f3rg\u00e3os.<\/p>\n<p>A Feira do Empreendedor foi o primeiro evento realizado no Centro de Conven\u00e7\u00f5es Ant\u00f4nio Vital do R\u00eago. O novo equipamento, que recebeu mais de R$ 180 milh\u00f5es em investimentos, representa um divisor de \u00e1guas para o setor de eventos em Campina Grande, com infraestrutura moderna, \u00e1rea ampla para feiras e audit\u00f3rio com capacidade para 1.900 pessoas.<\/p>\n<p>\u201cCampina Grande ganhou um equipamento \u00e0 altura do seu potencial. O Centro de Conven\u00e7\u00f5es come\u00e7a a impulsionar o turismo de neg\u00f3cios, atrair grandes eventos e fortalecer a economia local. Come\u00e7ar com a Feira do Empreendedor \u00e9 motivo de orgulho, pois representa oportunidade, inova\u00e7\u00e3o e futuro para a Para\u00edba\u201d, declarou Lucas Ribeiro.<\/p>\n","protected":false},"excerpt":{"rendered":"<p>O vice-governador da Para\u00edba, Lucas Ribeiro, participou nesse s\u00e1bado (23), em Campina Grande, da Feira do Empreendedor 2025, onde proferiu palestra sobre o Programa Empreender Para\u00edba, pol\u00edtica p\u00fablica de cr\u00e9dito orientado que tem transformado vidas e impulsionado o empreendedorismo em todo o estado. Ele tamb\u00e9m visitou os espa\u00e7os de exposi\u00e7\u00e3o do evento, que contou com &hellip;<\/p>\n","protected":false},"author":1,"featured_media":116741,"comment_status":"open","ping_status":"open","sticky":false,"template":"","format":"standard","meta":{"footnotes":""},"categories":[8],"tags":[],"class_list":["post-135757","post","type-post","status-publish","format-standard","has-post-thumbnail","hentry","category-politica"],"_links":{"self":[{"href":"https:\/\/iparaiba.com.br\/index.php\/wp-json\/wp\/v2\/posts\/135757","targetHints":{"allow":["GET"]}}],"collection":[{"href":"https:\/\/iparaiba.com.br\/index.php\/wp-json\/wp\/v2\/posts"}],"about":[{"href":"https:\/\/iparaiba.com.br\/index.php\/wp-json\/wp\/v2\/types\/post"}],"author":[{"embeddable":true,"href":"https:\/\/iparaiba.com.br\/index.php\/wp-json\/wp\/v2\/users\/1"}],"replies":[{"embeddable":true,"href":"https:\/\/iparaiba.com.br\/index.php\/wp-json\/wp\/v2\/comments?post=135757"}],"version-history":[{"count":0,"href":"https:\/\/iparaiba.com.br\/index.php\/wp-json\/wp\/v2\/posts\/135757\/revisions"}],"wp:featuredmedia":[{"embeddable":true,"href":"https:\/\/iparaiba.com.br\/index.php\/wp-json\/wp\/v2\/media\/116741"}],"wp:attachment":[{"href":"https:\/\/iparaiba.com.br\/index.php\/wp-json\/wp\/v2\/media?parent=135757"}],"wp:term":[{"taxonomy":"category","embeddable":true,"href":"https:\/\/iparaiba.com.br\/index.php\/wp-json\/wp\/v2\/categories?post=135757"},{"taxonomy":"post_tag","embeddable":true,"href":"https:\/\/iparaiba.com.br\/index.php\/wp-json\/wp\/v2\/tags?post=135757"}],"curies":[{"name":"wp","href":"https:\/\/api.w.org\/{rel}","templated":true}]}}