{"id":135756,"date":"2025-08-25T08:58:33","date_gmt":"2025-08-25T11:58:33","guid":{"rendered":"https:\/\/onordeste.com.br\/?p=135699"},"modified":"2025-08-25T08:58:33","modified_gmt":"2025-08-25T11:58:33","slug":"ses-e-agevisa-promovem-curso-de-especializacao-em-gestao-de-risco-e-seguranca-do-paciente","status":"publish","type":"post","link":"https:\/\/iparaiba.com.br\/index.php\/2025\/08\/25\/ses-e-agevisa-promovem-curso-de-especializacao-em-gestao-de-risco-e-seguranca-do-paciente\/","title":{"rendered":"SES e Agevisa promovem Curso de Especializa\u00e7\u00e3o em Gest\u00e3o de Risco e Seguran\u00e7a do Paciente"},"content":{"rendered":"<p style=\"font-weight: 400;\">A Secretaria de Estado da Sa\u00fade (SES\/PB), por meio da Escola de Servi\u00e7o P\u00fablico da Para\u00edba, e a Ag\u00eancia Estadual de Vigil\u00e2ncia Sanit\u00e1ria (Agevisa\/PB) lan\u00e7aram, na manh\u00e3 desta quinta-feira (21), o Curso de Especializa\u00e7\u00e3o em Gest\u00e3o de Risco e Seguran\u00e7a do Paciente com uma Aula Magna ministrada pelo secret\u00e1rio Executivo de Gest\u00e3o da Rede de Unidades de Sa\u00fade da Para\u00edba, Patrick Almeida.<\/p>\n<p style=\"font-weight: 400;\">Realizada no Audit\u00f3rio da ESP\/PB, \u00e0 Avenida D. Pedro II, no bairro da Torre, a Aula Magna marcou o in\u00edcio das atividades da primeira turma do Curso de Especializa\u00e7\u00e3o em Gest\u00e3o de Risco e Seguran\u00e7a do Paciente, cujas aulas ser\u00e3o realizadas na Faculdade Est\u00e1cio, no bairro de Mana\u00edra, em Jo\u00e3o Pessoa\/PB.<\/p>\n<p style=\"font-weight: 400;\">Segundo o diretor-geral da Agevisa\/PB, Geraldo Moreira de Menezes, a Especializa\u00e7\u00e3o tem o objetivo de expandir conhecimentos e experi\u00eancias dos profissionais que atuam nos servi\u00e7os de sa\u00fade sobre a tem\u00e1tica Seguran\u00e7a do Paciente com rela\u00e7\u00e3o \u00e0 mitiga\u00e7\u00e3o de riscos e \u00e0 evolu\u00e7\u00e3o na qualidade do cuidado oferecido ao paciente nos servi\u00e7os de sa\u00fade do Estado. O Curso vai potencializar a forma\u00e7\u00e3o na \u00e1rea de sa\u00fade, estabelecendo espa\u00e7os dial\u00f3gicos e reflex\u00f5es cr\u00edticas voltadas \u00e0 promover mudan\u00e7as no modelo assistencial, al\u00e9m de estimular a promo\u00e7\u00e3o de mudan\u00e7as na organiza\u00e7\u00e3o e nos processos de trabalho das equipes de Seguran\u00e7a do Paciente, tanto em hospitais quanto nos demais servi\u00e7os de sa\u00fade, com foco na promo\u00e7\u00e3o do cuidado integral \u00e0 sa\u00fade.<\/p>\n<p style=\"font-weight: 400;\"><strong>Avan\u00e7os importantes na aten\u00e7\u00e3o \u00e0 sa\u00fade \u2013<\/strong>\u00a0Na abertura da Aula Magna ministrada pelo secret\u00e1rio Patrick Almeida, a Gerente de Educa\u00e7\u00e3o Continuada e Permanente em Sa\u00fade e Projetos da Agevisa\/PB, professora-Dr\u00aa Ros\u00e2ngela Guimar\u00e3es, lembrou que a Especializa\u00e7\u00e3o foi idealizada pelo diretor da Agevisa, Geraldo Moreira, e constru\u00edda pela Agevisa em conjunto com a SES\/PB; observou que a seguran\u00e7a do paciente \u00e9 imprescind\u00edvel em todos os espa\u00e7os de aten\u00e7\u00e3o \u00e0 sa\u00fade; informou que a primeira turma da P\u00f3s-Gradua\u00e7\u00e3o \u00e9 formada por profissionais das unidades hospitalares que possuem UTIs, e disse que a pr\u00f3xima turma ser\u00e1 aberta aos profissionais das demais unidades de sa\u00fade do Estado.<\/p>\n<p style=\"font-weight: 400;\">A diretora acad\u00eamica da Escola de Sa\u00fade P\u00fablica da Para\u00edba, Raiana Mariz, destacou a import\u00e2ncia da Especializa\u00e7\u00e3o para o fortalecimento da cultura da Seguran\u00e7a do Paciente nos servi\u00e7os de sa\u00fade observando que a educa\u00e7\u00e3o permanente \u00e9 essencial no processo de forma\u00e7\u00e3o dos profissionais de sa\u00fade, notadamente no tocante ao fortalecimento das pol\u00edticas p\u00fablicas operacionalizadas pelo Governo do Estado, em todas as esferas e inst\u00e2ncias de sa\u00fade.<\/p>\n<p style=\"font-weight: 400;\">O diretor-geral da Agevisa\/PB, Geraldo Moreira de Menezes, ressaltou que a seguran\u00e7a do paciente \u00e9 um tema fundamental em qualquer sistema de sa\u00fade e traz uma realidade pautada no desafio constante de garantir todos os cuidados seguros e eficazes em favor das pessoas que necessitam e buscam atendimento especializado nos servi\u00e7os de sa\u00fade. Geraldo destacou a import\u00e2ncia da Escola do Servi\u00e7o P\u00fablico para o aperfei\u00e7oamento da presta\u00e7\u00e3o de servi\u00e7os \u00e0 popula\u00e7\u00e3o e ressaltou os avan\u00e7os proporcionados pelo Governo Jo\u00e3o Azev\u00eado no atendimento \u00e0 sa\u00fade p\u00fablica da Para\u00edba.<\/p>\n<p style=\"font-weight: 400;\"><strong>Impacto positivo \u2013<\/strong>\u00a0O secret\u00e1rio Executivo de Gest\u00e3o da Rede de Unidades de Sa\u00fade da Para\u00edba, Patrick Almeida, tamb\u00e9m falou da import\u00e2ncia do Curso de Especializa\u00e7\u00e3o em Gest\u00e3o de Risco e Seguran\u00e7a do Paciente para o aperfei\u00e7oamento dos cuidados na aten\u00e7\u00e3o \u00e0 sa\u00fade. \u201cQuando a gente est\u00e1 oferecendo uma Especializa\u00e7\u00e3o com mais gente querendo fazer do que vagas disponibilizadas, isso nos d\u00e1 uma alegria imensa, dado o impacto que a P\u00f3s-Gradua\u00e7\u00e3o vai ter na vida dos profissionais\/alunos e de todas as pessoas que procuram os servi\u00e7os de sa\u00fade da Para\u00edba\u201d, enfatizou.<\/p>\n<p style=\"font-weight: 400;\">Durante a Aula Magna de abertura da P\u00f3s-Gradua\u00e7\u00e3o, o secret\u00e1rio observou que, apesar dos grandes investimentos na \u00e1rea de sa\u00fade, ainda se enfrenta muitas barreira de cunho cultural, dada a tradi\u00e7\u00e3o da autonomia individual, da hierarquia r\u00edgida (que impede que um profissional opine ou indique um procedimento que julgue mais adequado ao seu superior) e da resist\u00eancia a protocolos padronizados.<\/p>\n<p style=\"font-weight: 400;\">Nesse cen\u00e1rio, Patrick Almeida defendeu a comunica\u00e7\u00e3o como um importante instrumento de mudan\u00e7as nas rela\u00e7\u00f5es e nas pr\u00e1ticas profissionais nos servi\u00e7os de sa\u00fade. Ele ressaltou que a seguran\u00e7a do paciente est\u00e1 diretamente relacionada a uma habilidade comportamental, considerando que \u201cuma equipe tecnicamente mediana que se comunica impecavelmente \u00e9 mais segura do que especialistas que n\u00e3o colaboram\u201d.<\/p>\n","protected":false},"excerpt":{"rendered":"<p>A Secretaria de Estado da Sa\u00fade (SES\/PB), por meio da Escola de Servi\u00e7o P\u00fablico da Para\u00edba, e a Ag\u00eancia Estadual de Vigil\u00e2ncia Sanit\u00e1ria (Agevisa\/PB) lan\u00e7aram, na manh\u00e3 desta quinta-feira (21), o Curso de Especializa\u00e7\u00e3o em Gest\u00e3o de Risco e Seguran\u00e7a do Paciente com uma Aula Magna ministrada pelo secret\u00e1rio Executivo de Gest\u00e3o da Rede de &hellip;<\/p>\n","protected":false},"author":1,"featured_media":116528,"comment_status":"open","ping_status":"open","sticky":false,"template":"","format":"standard","meta":{"footnotes":""},"categories":[15],"tags":[],"class_list":["post-135756","post","type-post","status-publish","format-standard","has-post-thumbnail","hentry","category-links"],"_links":{"self":[{"href":"https:\/\/iparaiba.com.br\/index.php\/wp-json\/wp\/v2\/posts\/135756","targetHints":{"allow":["GET"]}}],"collection":[{"href":"https:\/\/iparaiba.com.br\/index.php\/wp-json\/wp\/v2\/posts"}],"about":[{"href":"https:\/\/iparaiba.com.br\/index.php\/wp-json\/wp\/v2\/types\/post"}],"author":[{"embeddable":true,"href":"https:\/\/iparaiba.com.br\/index.php\/wp-json\/wp\/v2\/users\/1"}],"replies":[{"embeddable":true,"href":"https:\/\/iparaiba.com.br\/index.php\/wp-json\/wp\/v2\/comments?post=135756"}],"version-history":[{"count":0,"href":"https:\/\/iparaiba.com.br\/index.php\/wp-json\/wp\/v2\/posts\/135756\/revisions"}],"wp:featuredmedia":[{"embeddable":true,"href":"https:\/\/iparaiba.com.br\/index.php\/wp-json\/wp\/v2\/media\/116528"}],"wp:attachment":[{"href":"https:\/\/iparaiba.com.br\/index.php\/wp-json\/wp\/v2\/media?parent=135756"}],"wp:term":[{"taxonomy":"category","embeddable":true,"href":"https:\/\/iparaiba.com.br\/index.php\/wp-json\/wp\/v2\/categories?post=135756"},{"taxonomy":"post_tag","embeddable":true,"href":"https:\/\/iparaiba.com.br\/index.php\/wp-json\/wp\/v2\/tags?post=135756"}],"curies":[{"name":"wp","href":"https:\/\/api.w.org\/{rel}","templated":true}]}}