{"id":135755,"date":"2025-08-25T08:57:31","date_gmt":"2025-08-25T11:57:31","guid":{"rendered":"https:\/\/onordeste.com.br\/?p=135697"},"modified":"2025-08-25T08:57:31","modified_gmt":"2025-08-25T11:57:31","slug":"alpb-concede-medalha-epitacio-pessoa-ao-jornalista-rubens-nobrega","status":"publish","type":"post","link":"https:\/\/iparaiba.com.br\/index.php\/2025\/08\/25\/alpb-concede-medalha-epitacio-pessoa-ao-jornalista-rubens-nobrega\/","title":{"rendered":"ALPB concede Medalha Epit\u00e1cio Pessoa ao jornalista Rubens N\u00f3brega"},"content":{"rendered":"<p>A Assembleia Legislativa da Para\u00edba (ALPB) realizou, na tarde desta quinta-feira (21), sess\u00e3o solene para conceder a Medalha Epit\u00e1cio Pessoa \u2014 a mais alta honraria do Legislativo estadual \u2014 ao Jornalista Rubens N\u00f3brega. A homenagem foi proposta\u00a0 pelo deputado Luciano Cartaxo, como formar de reconhecer a trajet\u00f3ria profissional e a contribui\u00e7\u00e3o do jornalista \u00e0 comunica\u00e7\u00e3o na Para\u00edba.<\/p>\n<p>Luciano Cartaxo afirmou que Rubens N\u00f3brega \u00e9 um dos mais respeitados jornalistas da Para\u00edba. \u201cA homenagem \u00e9 um reconhecimento \u00e0 \u00e9tica, coragem e compromisso com a verdade, que sempre marcaram o trabalho de Rubens N\u00f3brega, que honra a comunica\u00e7\u00e3o paraibana e inspira novas gera\u00e7\u00f5es de jornalistas. Rubens \u00e9 um profissional que contribuiu e contribui muito com os valores democr\u00e1ticos da nossa sociedade, por isso \u00e9 grande merecedor desta honraria\u201d, declarou.<\/p>\n<p>Natural de Jo\u00e3o Pessoa, Rubens N\u00f3brega iniciou sua carreira no jornal O Norte, em 1974, atuando como revisor, rep\u00f3rter, editor e articulista. Passou tamb\u00e9m por ve\u00edculos como A Uni\u00e3o, Correio da Para\u00edba e Jornal da Para\u00edba, sempre com an\u00e1lises cr\u00edticas e compromisso com a verdade. Mesmo ap\u00f3s a aposentadoria no jornalismo impresso, manteve-se ativo no meio digital com o \u201cBlog do Rub\u00e3o\u201d.<\/p>\n<p>O jornalista Rub\u00e9ns N\u00f3brega agradeceu a homenagem recebida. &#8220;Estou muito feliz em receber esta honraria da Assembleia Legislativa da Para\u00edba, gra\u00e7as a uma iniciativa do deputado Luciano Cartaxo. A Medalha Epit\u00e1cio Pessoa acarreta, naturalmente, uma responsabilidade acrescida em minha atua\u00e7\u00e3o profissional. Receber um reconhecimento desta magnitude exige uma reflex\u00e3o interna, impulsionando-me a manter a trajet\u00f3ria que me conduziu at\u00e9 este momento&#8221;, disse.<\/p>\n<p>Mais sobre o homenageado &#8211; Com mais de 50 anos dedicados \u00e0 imprensa, N\u00f3brega \u00e9 autor de quatro livros que re\u00fanem mem\u00f3rias, cr\u00f4nicas e reflex\u00f5es: Hist\u00f3rias da Gente (2013), Poderosa Isaura (2018), Baixa do Mel (2022) e Mem\u00f3rias do Batente (2025). Ele tamb\u00e9m integra o Observat\u00f3rio de Jornalismo da Para\u00edba e o Laborat\u00f3rio de Combate \u00e0 Desinforma\u00e7\u00e3o da UFPB, refor\u00e7ando sua defesa permanente pela qualidade da informa\u00e7\u00e3o e fortalecimento das institui\u00e7\u00f5es democr\u00e1ticas.<\/p>\n","protected":false},"excerpt":{"rendered":"<p>A Assembleia Legislativa da Para\u00edba (ALPB) realizou, na tarde desta quinta-feira (21), sess\u00e3o solene para conceder a Medalha Epit\u00e1cio Pessoa \u2014 a mais alta honraria do Legislativo estadual \u2014 ao Jornalista Rubens N\u00f3brega. A homenagem foi proposta\u00a0 pelo deputado Luciano Cartaxo, como formar de reconhecer a trajet\u00f3ria profissional e a contribui\u00e7\u00e3o do jornalista \u00e0 comunica\u00e7\u00e3o &hellip;<\/p>\n","protected":false},"author":1,"featured_media":115221,"comment_status":"open","ping_status":"open","sticky":false,"template":"","format":"standard","meta":{"footnotes":""},"categories":[6],"tags":[],"class_list":["post-135755","post","type-post","status-publish","format-standard","has-post-thumbnail","hentry","category-destaques"],"_links":{"self":[{"href":"https:\/\/iparaiba.com.br\/index.php\/wp-json\/wp\/v2\/posts\/135755","targetHints":{"allow":["GET"]}}],"collection":[{"href":"https:\/\/iparaiba.com.br\/index.php\/wp-json\/wp\/v2\/posts"}],"about":[{"href":"https:\/\/iparaiba.com.br\/index.php\/wp-json\/wp\/v2\/types\/post"}],"author":[{"embeddable":true,"href":"https:\/\/iparaiba.com.br\/index.php\/wp-json\/wp\/v2\/users\/1"}],"replies":[{"embeddable":true,"href":"https:\/\/iparaiba.com.br\/index.php\/wp-json\/wp\/v2\/comments?post=135755"}],"version-history":[{"count":0,"href":"https:\/\/iparaiba.com.br\/index.php\/wp-json\/wp\/v2\/posts\/135755\/revisions"}],"wp:featuredmedia":[{"embeddable":true,"href":"https:\/\/iparaiba.com.br\/index.php\/wp-json\/wp\/v2\/media\/115221"}],"wp:attachment":[{"href":"https:\/\/iparaiba.com.br\/index.php\/wp-json\/wp\/v2\/media?parent=135755"}],"wp:term":[{"taxonomy":"category","embeddable":true,"href":"https:\/\/iparaiba.com.br\/index.php\/wp-json\/wp\/v2\/categories?post=135755"},{"taxonomy":"post_tag","embeddable":true,"href":"https:\/\/iparaiba.com.br\/index.php\/wp-json\/wp\/v2\/tags?post=135755"}],"curies":[{"name":"wp","href":"https:\/\/api.w.org\/{rel}","templated":true}]}}