{"id":135754,"date":"2025-08-25T08:56:36","date_gmt":"2025-08-25T11:56:36","guid":{"rendered":"https:\/\/onordeste.com.br\/?p=135695"},"modified":"2025-08-25T08:56:36","modified_gmt":"2025-08-25T11:56:36","slug":"alpb-celebra-em-cajazeiras-225-anos-de-nascimento-do-padre-rolim","status":"publish","type":"post","link":"https:\/\/iparaiba.com.br\/index.php\/2025\/08\/25\/alpb-celebra-em-cajazeiras-225-anos-de-nascimento-do-padre-rolim\/","title":{"rendered":"ALPB celebra em Cajazeiras 225 anos de nascimento do Padre Rolim"},"content":{"rendered":"<p>A Assembleia Legislativa da Para\u00edba (ALPB) realizou, nesta sexta-feira (22), sess\u00e3o especial em celebra\u00e7\u00e3o aos 225 anos de nascimento do Padre In\u00e1cio de Sousa Rolim e o anivers\u00e1rio de 162 anos de emancipa\u00e7\u00e3o pol\u00edtica da cidade de Cajazeiras, no Sert\u00e3o Paraibano, ambos comemorados no dia 22 de agosto. O evento proposto pelos parlamentares Chico Mendes, Dra. Paula e J\u00fanior Ara\u00fajo aconteceu de forma conjunta com a C\u00e2mara Federal e a C\u00e2mara Municipal.<\/p>\n<p>O presidente da Assembleia Legislativa da Para\u00edba, deputado Adriano Galdino, afirmou que a homenagem \u00e0 cidade de Cajazeiras e ao fundador da cidade, Padre Rolim, reunindo a C\u00e2mara Municipal, a Assembleia Legislativa e a C\u00e2mara Federal, \u00e9 justa tendo em vista a import\u00e2ncia de ambos na hist\u00f3ria da Para\u00edba. \u201cCajazeiras est\u00e1 em festa. Todos unidos nesta sess\u00e3o conjunta. Isso mostra o prest\u00edgio e a for\u00e7a, n\u00e3o s\u00f3 do Sert\u00e3o paraibano, mas de Cajazeiras, a terra que ensinou a Para\u00edba ler\u201d, declarou Adriano.<\/p>\n<p>Para o deputado Chico Mendes, Padre Rolim foi o grande precursor e construtor da educa\u00e7\u00e3o no Alto Sert\u00e3o e dedicou sua vida ao engrandecimento atrav\u00e9s da educa\u00e7\u00e3o de sua terra natal, Cajazeiras. O parlamentar avaliou o momento como hist\u00f3rico e uma demonstra\u00e7\u00e3o da import\u00e2ncia do munic\u00edpio de Cajazeiras para a Para\u00edba.<\/p>\n<p>\u201cMais do que hist\u00f3rico, \u00e9 o momento de celebra\u00e7\u00e3o conjunta. 162 anos de emancipa\u00e7\u00e3o pol\u00edtica de Cajazeiras e comemoramos 225 anos do nascimento do nosso Padre Rolim. Uma hist\u00f3ria marcada por muito trabalho e fortalecida por v\u00ednculos que reverberam na Para\u00edba e no Brasil inteiro com a educa\u00e7\u00e3o. A educa\u00e7\u00e3o \u00e9 a marca da terra do Padre Rolim. Essa homenagem \u00e9 mais que pertinente. Hoje, aqui em Cajazeiras, n\u00f3s estamos com a C\u00e2mara Federal, a Assembleia Legislativa da Para\u00edba e a C\u00e2mara Municipal de Cajazeiras. Os tr\u00eas representantes do Legislativo em uma sess\u00e3o especial para homenagear exatamente os 225 anos de Padre Rolim\u201d, comemorou Mendes.<\/p>\n<p>O deputado J\u00fanior Ara\u00fajo destacou que os ensinamentos de Padre Rolim atravessam gera\u00e7\u00f5es, o que demonstra sua grandeza e sua relev\u00e2ncia para o Sert\u00e3o paraibano. &#8220;Conseguimos aqui, pela primeira vez, unir as tr\u00eas Casas legislativas da Federa\u00e7\u00e3o para fazer uma homenagem ao nosso patrono, que \u00e9 o Justamente Padre Rolim, fundador da nossa cidade. Muito se deve a Padre Rolim. Um homem que, ap\u00f3s 225 anos da sua exist\u00eancia, consegue, na atualidade, manter sua for\u00e7a e interferir de maneira direta na nossa cidade, no nosso dia a dia. S\u00f3 os grandes homens conseguem isso e essa sess\u00e3o no dia de hoje \u00e9 justamente para homenagear este homem a quem a cidade de Cajazeiras deve tudo: nosso grande Padre Rolim&#8221;, afirmou o deputado.<\/p>\n","protected":false},"excerpt":{"rendered":"<p>A Assembleia Legislativa da Para\u00edba (ALPB) realizou, nesta sexta-feira (22), sess\u00e3o especial em celebra\u00e7\u00e3o aos 225 anos de nascimento do Padre In\u00e1cio de Sousa Rolim e o anivers\u00e1rio de 162 anos de emancipa\u00e7\u00e3o pol\u00edtica da cidade de Cajazeiras, no Sert\u00e3o Paraibano, ambos comemorados no dia 22 de agosto. O evento proposto pelos parlamentares Chico Mendes, &hellip;<\/p>\n","protected":false},"author":1,"featured_media":134147,"comment_status":"open","ping_status":"open","sticky":false,"template":"","format":"standard","meta":{"footnotes":""},"categories":[8],"tags":[],"class_list":["post-135754","post","type-post","status-publish","format-standard","has-post-thumbnail","hentry","category-politica"],"_links":{"self":[{"href":"https:\/\/iparaiba.com.br\/index.php\/wp-json\/wp\/v2\/posts\/135754","targetHints":{"allow":["GET"]}}],"collection":[{"href":"https:\/\/iparaiba.com.br\/index.php\/wp-json\/wp\/v2\/posts"}],"about":[{"href":"https:\/\/iparaiba.com.br\/index.php\/wp-json\/wp\/v2\/types\/post"}],"author":[{"embeddable":true,"href":"https:\/\/iparaiba.com.br\/index.php\/wp-json\/wp\/v2\/users\/1"}],"replies":[{"embeddable":true,"href":"https:\/\/iparaiba.com.br\/index.php\/wp-json\/wp\/v2\/comments?post=135754"}],"version-history":[{"count":0,"href":"https:\/\/iparaiba.com.br\/index.php\/wp-json\/wp\/v2\/posts\/135754\/revisions"}],"wp:featuredmedia":[{"embeddable":true,"href":"https:\/\/iparaiba.com.br\/index.php\/wp-json\/wp\/v2\/media\/134147"}],"wp:attachment":[{"href":"https:\/\/iparaiba.com.br\/index.php\/wp-json\/wp\/v2\/media?parent=135754"}],"wp:term":[{"taxonomy":"category","embeddable":true,"href":"https:\/\/iparaiba.com.br\/index.php\/wp-json\/wp\/v2\/categories?post=135754"},{"taxonomy":"post_tag","embeddable":true,"href":"https:\/\/iparaiba.com.br\/index.php\/wp-json\/wp\/v2\/tags?post=135754"}],"curies":[{"name":"wp","href":"https:\/\/api.w.org\/{rel}","templated":true}]}}