{"id":135753,"date":"2025-08-25T08:55:44","date_gmt":"2025-08-25T11:55:44","guid":{"rendered":"https:\/\/onordeste.com.br\/?p=135693"},"modified":"2025-08-25T08:55:44","modified_gmt":"2025-08-25T11:55:44","slug":"camara-no-seu-bairro-debate-sobre-advocacia-livre","status":"publish","type":"post","link":"https:\/\/iparaiba.com.br\/index.php\/2025\/08\/25\/camara-no-seu-bairro-debate-sobre-advocacia-livre\/","title":{"rendered":"C\u00e2mara no Seu Bairro debate sobre advocacia livre"},"content":{"rendered":"<p align=\"justify\">A semana que compreende o per\u00edodo de 25 a 29 de agosto ser\u00e1 marcada, na C\u00e2mara Municipal de Jo\u00e3o Pessoa (CMJP), pela realiza\u00e7\u00e3o do projeto \u2018C\u00e2mara no Seu Bairro\u2019, al\u00e9m de debates sobre a advocacia livre e o PL do Breque.<\/p>\n<p align=\"justify\">A primeira sess\u00e3o acontece na pr\u00f3xima segunda-feira (25), a partir das 14h, para debater a advocacia livre e independente na defesa das prerrogativas e garantias constitucionais. A discuss\u00e3o foi proposta pelo vereador Carl\u00e3o (PL) e vai ocorrer no plen\u00e1rio Senador Humberto Lucena.<\/p>\n<p align=\"justify\">Na quarta-feira (27), a partir das 14h30, acontece a sess\u00e3o solene para entrega do T\u00edtulo de Cidad\u00e3o Pessoense ao Procurador da Rep\u00fablica Victor Carvalho Veggi. A propositura \u00e9 do vereador Dam\u00e1sio Franca (PP). A solenidade tamb\u00e9m vai acontecer na sede do Legislativo Pessoense.<\/p>\n<p align=\"justify\">Na quinta-feira (28), a partir das 19h, acontece o primeiro encontro do \u2018C\u00e2mara no Seu Bairro\u2019 de 2025. A audi\u00eancia ser\u00e1 realizada no gin\u00e1sio do col\u00e9gio HBE, no Bairro dos Estados, reunindo tamb\u00e9m moradores dos bairros vizinhos (Padre Z\u00e9, Treze de Maio, Mandacaru, Ip\u00eas, Pedro Gondim e Tambi\u00e1).<\/p>\n<p align=\"justify\">Encerrando a semana, na sexta-feira (29), \u00e0s 9h30, acontece a sess\u00e3o especial para debater a necessidade de celeridade na tramita\u00e7\u00e3o do Projeto de Lei 2479\/2025, que tramita na C\u00e2mara Federal (PL do Breque). A discuss\u00e3o foi proposta pelo vereador Guguinha Moov Jampa (PSD).<\/p>\n<p align=\"justify\">CMJP<\/p>\n","protected":false},"excerpt":{"rendered":"<p>A semana que compreende o per\u00edodo de 25 a 29 de agosto ser\u00e1 marcada, na C\u00e2mara Municipal de Jo\u00e3o Pessoa (CMJP), pela realiza\u00e7\u00e3o do projeto \u2018C\u00e2mara no Seu Bairro\u2019, al\u00e9m de debates sobre a advocacia livre e o PL do Breque. A primeira sess\u00e3o acontece na pr\u00f3xima segunda-feira (25), a partir das 14h, para debater &hellip;<\/p>\n","protected":false},"author":1,"featured_media":115192,"comment_status":"open","ping_status":"open","sticky":false,"template":"","format":"standard","meta":{"footnotes":""},"categories":[8],"tags":[],"class_list":["post-135753","post","type-post","status-publish","format-standard","has-post-thumbnail","hentry","category-politica"],"_links":{"self":[{"href":"https:\/\/iparaiba.com.br\/index.php\/wp-json\/wp\/v2\/posts\/135753","targetHints":{"allow":["GET"]}}],"collection":[{"href":"https:\/\/iparaiba.com.br\/index.php\/wp-json\/wp\/v2\/posts"}],"about":[{"href":"https:\/\/iparaiba.com.br\/index.php\/wp-json\/wp\/v2\/types\/post"}],"author":[{"embeddable":true,"href":"https:\/\/iparaiba.com.br\/index.php\/wp-json\/wp\/v2\/users\/1"}],"replies":[{"embeddable":true,"href":"https:\/\/iparaiba.com.br\/index.php\/wp-json\/wp\/v2\/comments?post=135753"}],"version-history":[{"count":0,"href":"https:\/\/iparaiba.com.br\/index.php\/wp-json\/wp\/v2\/posts\/135753\/revisions"}],"wp:featuredmedia":[{"embeddable":true,"href":"https:\/\/iparaiba.com.br\/index.php\/wp-json\/wp\/v2\/media\/115192"}],"wp:attachment":[{"href":"https:\/\/iparaiba.com.br\/index.php\/wp-json\/wp\/v2\/media?parent=135753"}],"wp:term":[{"taxonomy":"category","embeddable":true,"href":"https:\/\/iparaiba.com.br\/index.php\/wp-json\/wp\/v2\/categories?post=135753"},{"taxonomy":"post_tag","embeddable":true,"href":"https:\/\/iparaiba.com.br\/index.php\/wp-json\/wp\/v2\/tags?post=135753"}],"curies":[{"name":"wp","href":"https:\/\/api.w.org\/{rel}","templated":true}]}}