{"id":135752,"date":"2025-08-28T18:56:59","date_gmt":"2025-08-28T21:56:59","guid":{"rendered":"https:\/\/onordeste.com.br\/?p=135752"},"modified":"2025-08-28T18:56:59","modified_gmt":"2025-08-28T21:56:59","slug":"prefeitura-fara-licitacao-para-obras-de-revitalizacao-da-feira-central","status":"publish","type":"post","link":"https:\/\/iparaiba.com.br\/index.php\/2025\/08\/28\/prefeitura-fara-licitacao-para-obras-de-revitalizacao-da-feira-central\/","title":{"rendered":"Prefeitura far\u00e1 licita\u00e7\u00e3o para obras de revitaliza\u00e7\u00e3o da Feira Central"},"content":{"rendered":"<p>O prefeito Bruno Cunha Lima confirmou que a Prefeitura de Campina Grande vai abrir nos pr\u00f3ximos dias a licita\u00e7\u00e3o para o in\u00edcio da primeira fase das obras de revitaliza\u00e7\u00e3o da Feira Central.<\/p>\n<p>A etapa inicial contempla os armaz\u00e9ns da rua Crist\u00f3v\u00e3o Colombo, j\u00e1 desapropriados pelo Munic\u00edpio, entre o Eldorado e o Mercado Central. No local, est\u00e1 previsto um centro comercial, um p\u00e1tio para eventos e feiras tempor\u00e1rias, al\u00e9m de uma \u00e1rea de suporte para abrigar comerciantes durante futuras interven\u00e7\u00f5es.<\/p>\n<p>O gestor destacou que a revitaliza\u00e7\u00e3o ser\u00e1 executada em etapas, devido \u00e0 dimens\u00e3o e complexidade da feira, que re\u00fane comerciantes n\u00e3o apenas de Campina Grande, mas tamb\u00e9m de cidades circunvizinhas.<\/p>\n<p>Para Bruno, o desafio \u00e9 garantir que os trabalhadores mantenham suas atividades durante o per\u00edodo das obras. Em declara\u00e7\u00f5es recentes, o prefeito j\u00e1 havia explicado que o projeto deve avan\u00e7ar em fases, come\u00e7ando pelos armaz\u00e9ns e contemplando ainda a Feira de Flores e a Feira do Peixe, de forma a ganhar a confian\u00e7a dos feirantes e consumidores que aguardam h\u00e1 d\u00e9cadas pela moderniza\u00e7\u00e3o do espa\u00e7o.<\/p>\n<p>PMCG<\/p>\n","protected":false},"excerpt":{"rendered":"<p>O prefeito Bruno Cunha Lima confirmou que a Prefeitura de Campina Grande vai abrir nos pr\u00f3ximos dias a licita\u00e7\u00e3o para o in\u00edcio da primeira fase das obras de revitaliza\u00e7\u00e3o da Feira Central. A etapa inicial contempla os armaz\u00e9ns da rua Crist\u00f3v\u00e3o Colombo, j\u00e1 desapropriados pelo Munic\u00edpio, entre o Eldorado e o Mercado Central. No local, &hellip;<\/p>\n","protected":false},"author":1,"featured_media":107995,"comment_status":"open","ping_status":"open","sticky":false,"template":"","format":"standard","meta":{"footnotes":""},"categories":[6],"tags":[],"class_list":["post-135752","post","type-post","status-publish","format-standard","has-post-thumbnail","hentry","category-destaques"],"_links":{"self":[{"href":"https:\/\/iparaiba.com.br\/index.php\/wp-json\/wp\/v2\/posts\/135752","targetHints":{"allow":["GET"]}}],"collection":[{"href":"https:\/\/iparaiba.com.br\/index.php\/wp-json\/wp\/v2\/posts"}],"about":[{"href":"https:\/\/iparaiba.com.br\/index.php\/wp-json\/wp\/v2\/types\/post"}],"author":[{"embeddable":true,"href":"https:\/\/iparaiba.com.br\/index.php\/wp-json\/wp\/v2\/users\/1"}],"replies":[{"embeddable":true,"href":"https:\/\/iparaiba.com.br\/index.php\/wp-json\/wp\/v2\/comments?post=135752"}],"version-history":[{"count":1,"href":"https:\/\/iparaiba.com.br\/index.php\/wp-json\/wp\/v2\/posts\/135752\/revisions"}],"predecessor-version":[{"id":135781,"href":"https:\/\/iparaiba.com.br\/index.php\/wp-json\/wp\/v2\/posts\/135752\/revisions\/135781"}],"wp:featuredmedia":[{"embeddable":true,"href":"https:\/\/iparaiba.com.br\/index.php\/wp-json\/wp\/v2\/media\/107995"}],"wp:attachment":[{"href":"https:\/\/iparaiba.com.br\/index.php\/wp-json\/wp\/v2\/media?parent=135752"}],"wp:term":[{"taxonomy":"category","embeddable":true,"href":"https:\/\/iparaiba.com.br\/index.php\/wp-json\/wp\/v2\/categories?post=135752"},{"taxonomy":"post_tag","embeddable":true,"href":"https:\/\/iparaiba.com.br\/index.php\/wp-json\/wp\/v2\/tags?post=135752"}],"curies":[{"name":"wp","href":"https:\/\/api.w.org\/{rel}","templated":true}]}}