{"id":135750,"date":"2025-08-28T16:00:42","date_gmt":"2025-08-28T19:00:42","guid":{"rendered":"https:\/\/onordeste.com.br\/?p=135750"},"modified":"2025-08-28T16:00:42","modified_gmt":"2025-08-28T19:00:42","slug":"reuniao-tecnica-para-alinhar-inicio-das-obras-do-vlt","status":"publish","type":"post","link":"https:\/\/iparaiba.com.br\/index.php\/2025\/08\/28\/reuniao-tecnica-para-alinhar-inicio-das-obras-do-vlt\/","title":{"rendered":"Reuni\u00e3o t\u00e9cnica para alinhar in\u00edcio das obras do VLT"},"content":{"rendered":"<p>O prefeito Bruno Cunha Lima participou de uma reuni\u00e3o com a equipe t\u00e9cnica respons\u00e1vel pela execu\u00e7\u00e3o da primeira etapa das obras de revitaliza\u00e7\u00e3o da linha f\u00e9rrea da cidade, por onde vai passar o Ve\u00edculo Leve sobre Trilhos (VLT).<\/p>\n<p>Na ocasi\u00e3o, foram discutidos os ajustes finais para o in\u00edcio das interven\u00e7\u00f5es na linha f\u00e9rrea. Participaram do encontro o secret\u00e1rio de planejamento, Marcus Nogueira, a secretaria executiva de obras, Mariana Damasceno e representantes da Ferrovia Transnordestina Log\u00edstica (FTL), respons\u00e1vel pela recupera\u00e7\u00e3o da linha f\u00e9rrea.<\/p>\n<p>O projeto prev\u00ea a implanta\u00e7\u00e3o de dezenas de esta\u00e7\u00f5es, interligando o bairro do Arax\u00e1 ao Alu\u00edzio Campos, abrangendo mais de 15km de linha f\u00e9rrea que ser\u00e1 totalmente remodelada e modernizada, conectando \u00e1reas comerciais, unidades de ensino e hospitais, em um investimento estimado em R$ 170 milh\u00f5es. A expectativa \u00e9 de que cerca de 100 mil pessoas sejam beneficiadas pelo novo modal de transporte.<\/p>\n<p>O principal objetivo do governo municipal \u00e9 integrar o VLT ao sistema vi\u00e1rio de Campina, de forma a complementar o transporte p\u00fablico j\u00e1 existente, especialmente o sistema de \u00f4nibus, garantindo mais mobilidade e efici\u00eancia para a popula\u00e7\u00e3o.<\/p>\n<p>Codecom<\/p>\n","protected":false},"excerpt":{"rendered":"<p>O prefeito Bruno Cunha Lima participou de uma reuni\u00e3o com a equipe t\u00e9cnica respons\u00e1vel pela execu\u00e7\u00e3o da primeira etapa das obras de revitaliza\u00e7\u00e3o da linha f\u00e9rrea da cidade, por onde vai passar o Ve\u00edculo Leve sobre Trilhos (VLT). Na ocasi\u00e3o, foram discutidos os ajustes finais para o in\u00edcio das interven\u00e7\u00f5es na linha f\u00e9rrea. Participaram do &hellip;<\/p>\n","protected":false},"author":1,"featured_media":109232,"comment_status":"open","ping_status":"open","sticky":false,"template":"","format":"standard","meta":{"footnotes":""},"categories":[7],"tags":[],"class_list":["post-135750","post","type-post","status-publish","format-standard","has-post-thumbnail","hentry","category-diversas"],"_links":{"self":[{"href":"https:\/\/iparaiba.com.br\/index.php\/wp-json\/wp\/v2\/posts\/135750","targetHints":{"allow":["GET"]}}],"collection":[{"href":"https:\/\/iparaiba.com.br\/index.php\/wp-json\/wp\/v2\/posts"}],"about":[{"href":"https:\/\/iparaiba.com.br\/index.php\/wp-json\/wp\/v2\/types\/post"}],"author":[{"embeddable":true,"href":"https:\/\/iparaiba.com.br\/index.php\/wp-json\/wp\/v2\/users\/1"}],"replies":[{"embeddable":true,"href":"https:\/\/iparaiba.com.br\/index.php\/wp-json\/wp\/v2\/comments?post=135750"}],"version-history":[{"count":1,"href":"https:\/\/iparaiba.com.br\/index.php\/wp-json\/wp\/v2\/posts\/135750\/revisions"}],"predecessor-version":[{"id":135780,"href":"https:\/\/iparaiba.com.br\/index.php\/wp-json\/wp\/v2\/posts\/135750\/revisions\/135780"}],"wp:featuredmedia":[{"embeddable":true,"href":"https:\/\/iparaiba.com.br\/index.php\/wp-json\/wp\/v2\/media\/109232"}],"wp:attachment":[{"href":"https:\/\/iparaiba.com.br\/index.php\/wp-json\/wp\/v2\/media?parent=135750"}],"wp:term":[{"taxonomy":"category","embeddable":true,"href":"https:\/\/iparaiba.com.br\/index.php\/wp-json\/wp\/v2\/categories?post=135750"},{"taxonomy":"post_tag","embeddable":true,"href":"https:\/\/iparaiba.com.br\/index.php\/wp-json\/wp\/v2\/tags?post=135750"}],"curies":[{"name":"wp","href":"https:\/\/api.w.org\/{rel}","templated":true}]}}