{"id":135746,"date":"2025-08-28T12:00:12","date_gmt":"2025-08-28T15:00:12","guid":{"rendered":"https:\/\/onordeste.com.br\/?p=135746"},"modified":"2025-08-28T12:00:12","modified_gmt":"2025-08-28T15:00:12","slug":"tarifaco-de-trump-afeta-33-das-exportacoes-brasileiras","status":"publish","type":"post","link":"https:\/\/iparaiba.com.br\/index.php\/2025\/08\/28\/tarifaco-de-trump-afeta-33-das-exportacoes-brasileiras\/","title":{"rendered":"Tarifa\u00e7o de Trump afeta 3,3% das exporta\u00e7\u00f5es brasileiras"},"content":{"rendered":"<p>O vice-presidente Geraldo Alckmin afirmou neste s\u00e1bado (23) que o Brasil vai superar a crise comercial aberta com as tarifas impostas pelo governo dos Estados Unidos (EUA) e lembrou da menor depend\u00eancia em rela\u00e7\u00e3o ao mercado norte-americano, comparado a d\u00e9cadas passadas.<img decoding=\"async\" src=\"https:\/\/agenciabrasil.ebc.com.br\/ebc.png?id=1655624&amp;o=node\" \/><img decoding=\"async\" src=\"https:\/\/agenciabrasil.ebc.com.br\/ebc.gif?id=1655624&amp;o=node\" \/><\/p>\n<blockquote><p>&#8220;Vai passar. Na d\u00e9cada de 1980, era 24% a nossa exporta\u00e7\u00e3o para os EUA, praticamente um quarto das exporta\u00e7\u00f5es brasileiras. Hoje, \u00e9 12%. E o que est\u00e1 afetado \u00e9 3,3%. Isso \u00e9 o que est\u00e1 afetado no tarifa\u00e7o&#8221;, observou o vice-presidente, que tamb\u00e9m \u00e9 ministro do Desenvolvimento, Ind\u00fastria, Com\u00e9rcio e Servi\u00e7os, durante participa\u00e7\u00e3o em debate sobre conjuntura pol\u00edtica promovido pelo Partido dos Trabalhadores (PT), em Bras\u00edlia.<\/p><\/blockquote>\n<p><strong>Alckmin lembrou que, no momento, cerca de 36% das exporta\u00e7\u00f5es aos EUA s\u00e3o as mais afetadas pela tarifa de 50%, e que elas atingem de forma mais preocupante alguns setores da ind\u00fastria de manufatura, como m\u00e1quinas e equipamentos e ind\u00fastria t\u00eaxtil.<\/strong><\/p>\n<p>&#8220;Ind\u00fastria de m\u00e1quinas, equipamentos, cal\u00e7ados e t\u00eaxtil. Esses s\u00e3o os que sofrem mais. Porque comida, [como] carne, se eu n\u00e3o vendi l\u00e1, eu vou ter outros mercados. N\u00e3o vai cair o mundo. Caf\u00e9, se eu n\u00e3o vendi l\u00e1, vou vender em outro lugar. Agora, produto manufaturado \u00e9 mais dif\u00edcil de voc\u00ea realocar. Acaba realocando, mas demora um pouco mais&#8221;, pontuou o vice-presidente, que vem atuando como o principal negociador do Brasil nessa quest\u00e3o.<\/p>\n<blockquote><p>&#8220;N\u00e3o vamos desistir de baixar essa al\u00edquota e tirar mais produtos&#8221;, insistiu o vice, ao lembrar que cerca nem todo produto exportado pelo Brasil foi sobretaxado. Cerca de 42% deles ficaram de fora da al\u00edquota de 50%, enquanto outros 16% foram inclu\u00eddos em taxas que atingem outros pa\u00edses na mesma propor\u00e7\u00e3o, como \u00e9 o caso do a\u00e7o, alum\u00ednio e cobre.<\/p><\/blockquote>\n<p>Como alternativa, ressaltou Alckmin, o pa\u00eds dever\u00e1 expandir mercados, com a assinatura do acordo Mercosul-Uni\u00e3o Europeia, que pode ocorrer at\u00e9 o fim do ano, al\u00e9m de outras tratativas, como o acordo do Mercosul com o EFTA (Isl\u00e2ndia, Liechtenstein, Noruega e Su\u00ed\u00e7a), Singapura e Emirados \u00c1rabes Unidos.<\/p>\n<p><a href=\"https:\/\/agenciabrasil.ebc.com.br\/politica\/noticia\/2025-08\/na-camara-alckmin-pede-urgencia-em-propostas-sobre-exportacoes\" target=\"_blank\" rel=\"noopener\">Alckmin tamb\u00e9m destacou as medidas anunciadas pelo governo federal para reduzir os impactos negativos causados aos exportadores brasileiros com o tarifa\u00e7o<\/a>, como abertura de linha de cr\u00e9dito, suspens\u00e3o de tributos incidentes sobre insumos importados (drawback) e aumento do percentual de restitui\u00e7\u00e3o de tributos federais a empresas afetadas.<\/p>\n<p>No \u00e2mbito internacional, o vice-presidente citou a reclama\u00e7\u00e3o aberta pelo governo brasileiro na Organiza\u00e7\u00e3o Mundial do Com\u00e9rcio (OMC) contra as tarifas norte-americanas e prev\u00ea que o caso pode chegar tamb\u00e9m a tribunais dos EUA. &#8220;Voc\u00ea n\u00e3o pode usar pol\u00edtica regulat\u00f3ria por raz\u00f5es partid\u00e1rias, pol\u00edticas&#8221;, comentou.<\/p>\n<p>agenciabrasil.ebc<\/p>\n","protected":false},"excerpt":{"rendered":"<p>O vice-presidente Geraldo Alckmin afirmou neste s\u00e1bado (23) que o Brasil vai superar a crise comercial aberta com as tarifas impostas pelo governo dos Estados Unidos (EUA) e lembrou da menor depend\u00eancia em rela\u00e7\u00e3o ao mercado norte-americano, comparado a d\u00e9cadas passadas. &#8220;Vai passar. Na d\u00e9cada de 1980, era 24% a nossa exporta\u00e7\u00e3o para os EUA, &hellip;<\/p>\n","protected":false},"author":1,"featured_media":97620,"comment_status":"open","ping_status":"open","sticky":false,"template":"","format":"standard","meta":{"footnotes":""},"categories":[16],"tags":[],"class_list":["post-135746","post","type-post","status-publish","format-standard","has-post-thumbnail","hentry","category-economia"],"_links":{"self":[{"href":"https:\/\/iparaiba.com.br\/index.php\/wp-json\/wp\/v2\/posts\/135746","targetHints":{"allow":["GET"]}}],"collection":[{"href":"https:\/\/iparaiba.com.br\/index.php\/wp-json\/wp\/v2\/posts"}],"about":[{"href":"https:\/\/iparaiba.com.br\/index.php\/wp-json\/wp\/v2\/types\/post"}],"author":[{"embeddable":true,"href":"https:\/\/iparaiba.com.br\/index.php\/wp-json\/wp\/v2\/users\/1"}],"replies":[{"embeddable":true,"href":"https:\/\/iparaiba.com.br\/index.php\/wp-json\/wp\/v2\/comments?post=135746"}],"version-history":[{"count":1,"href":"https:\/\/iparaiba.com.br\/index.php\/wp-json\/wp\/v2\/posts\/135746\/revisions"}],"predecessor-version":[{"id":135778,"href":"https:\/\/iparaiba.com.br\/index.php\/wp-json\/wp\/v2\/posts\/135746\/revisions\/135778"}],"wp:featuredmedia":[{"embeddable":true,"href":"https:\/\/iparaiba.com.br\/index.php\/wp-json\/wp\/v2\/media\/97620"}],"wp:attachment":[{"href":"https:\/\/iparaiba.com.br\/index.php\/wp-json\/wp\/v2\/media?parent=135746"}],"wp:term":[{"taxonomy":"category","embeddable":true,"href":"https:\/\/iparaiba.com.br\/index.php\/wp-json\/wp\/v2\/categories?post=135746"},{"taxonomy":"post_tag","embeddable":true,"href":"https:\/\/iparaiba.com.br\/index.php\/wp-json\/wp\/v2\/tags?post=135746"}],"curies":[{"name":"wp","href":"https:\/\/api.w.org\/{rel}","templated":true}]}}