{"id":135741,"date":"2025-08-28T06:00:17","date_gmt":"2025-08-28T09:00:17","guid":{"rendered":"https:\/\/onordeste.com.br\/?p=135741"},"modified":"2025-08-28T06:00:17","modified_gmt":"2025-08-28T09:00:17","slug":"comeca-pagamento-da-sexta-parcela-do-pe-de-meia","status":"publish","type":"post","link":"https:\/\/iparaiba.com.br\/index.php\/2025\/08\/28\/comeca-pagamento-da-sexta-parcela-do-pe-de-meia\/","title":{"rendered":"Come\u00e7a\u202fpagamento\u202fda sexta parcela do P\u00e9-de-Meia:"},"content":{"rendered":"<p>O Minist\u00e9rio da Educa\u00e7\u00e3o (MEC) inicia, nesta segunda-feira (25), o\u00a0<strong>pagamento da\u202fsexta parcela\u202faos participantes do programa P\u00e9-de-Meia de 2025.<\/strong><img decoding=\"async\" src=\"https:\/\/agenciabrasil.ebc.com.br\/ebc.png?id=1655528&amp;o=node\" \/><img decoding=\"async\" src=\"https:\/\/agenciabrasil.ebc.com.br\/ebc.gif?id=1655528&amp;o=node\" \/><\/p>\n<p>Os beneficiados pelo programa s\u00e3o os estudantes do ensino m\u00e9dio matriculados na rede p\u00fablica regular e na modalidade educa\u00e7\u00e3o de jovens e adultos (EJA), inscritos no Cadastro Nacional de Programas Sociais do governo federal (Cad\u00danico).<\/p>\n<p>Nesta nova etapa, a Caixa Econ\u00f4mica Federal \u2013 respons\u00e1vel pela gest\u00e3o dos recursos repassados pelo MEC \u2013 aponta que, ao todo,<strong>\u00a0cerca de 3,4 milh\u00f5es de estudantes de escolas p\u00fablicas receber\u00e3o o benef\u00edcio at\u00e9 a pr\u00f3xima segunda-feira (1\u00ba).<\/strong><\/p>\n<p><strong>Os nascidos nos meses de janeiro e fevereiro recebem nesta segunda-feira o valor de R$ 200 correspondente ao incentivo-frequ\u00eancia \u00e0s aulas.<\/strong><\/p>\n<p>Para ter direito ao benef\u00edcio, eles\u00a0<strong>devem ter presen\u00e7a m\u00ednima de 80% nas aulas<\/strong>.<\/p>\n<h2>Pagamento escalonado<\/h2>\n<p><strong>Os pagamentos do incentivo-frequ\u00eancia ocorrem at\u00e9 o dia 1\u00ba de setembro, conforme o m\u00eas de nascimento dos alunos<\/strong>\u00a0matriculados em uma das tr\u00eas s\u00e9ries do ensino m\u00e9dio na rede p\u00fablica de ensino.<\/p>\n<p><strong>Confira o calend\u00e1rio:<\/strong><\/p>\n<ul>\n<li>Nascidos em janeiro e fevereiro recebem em 25 de agosto;<\/li>\n<li>Nascidos em mar\u00e7o e abril, em 26 de agosto;<\/li>\n<li>Nascidos em maio e junho, em 27 de agosto;<\/li>\n<li>Nascidos em julho e agosto, em 28 de agosto;<\/li>\n<li>Nascidos em setembro e outubro recebem 29 de agosto;<\/li>\n<li>Nascidos em novembro e dezembro, em 1\u00ba de setembro.<\/li>\n<\/ul>\n<h2>EJA<\/h2>\n<p><strong>A parcela \u00fanica dos concluintes aprovados no semestre da modalidade educa\u00e7\u00e3o de jovens e adultos tamb\u00e9m ser\u00e1 paga no per\u00edodo de 25 de agosto a 1\u00b0 de setembro, no valor de R$ 1 mil.<\/strong><\/p>\n<h2>Dep\u00f3sitos<\/h2>\n<p>A sexta parcela da chamada poupan\u00e7a do ensino m\u00e9dio\u00a0de 2025 est\u00e1 sendo depositada em uma conta poupan\u00e7a da Caixa Econ\u00f4mica, aberta automaticamente em nome dos estudantes. O valor pode ser movimentado ou sacado imediatamente, se o participante desejar. Basta acessar o aplicativo Caixa Tem, se\u202fo aluno tiver\u202f18 anos ou mais.<\/p>\n<p>No caso de menor de idade,\u202fser\u00e1\u202fnecess\u00e1rio que o respons\u00e1vel legal autorize\u202fa\u202fmovimenta\u00e7\u00e3o\u202fda\u202fconta. O consentimento poder\u00e1 ser\u202ffeito no pr\u00f3prio aplicativo ou em uma ag\u00eancia da Caixa.<\/p>\n<p>O participante poder\u00e1 consultar no aplicativo\u00a0<a href=\"https:\/\/www.gov.br\/mec\/pt-br\/jornadadoestudante\" target=\"_blank\" rel=\"noopener\">Jornada do Estudante<\/a>, do MEC, o status de pagamentos (rejeitados ou aprovados), as informa\u00e7\u00f5es escolares e regras do programa.<\/p>\n<p>As informa\u00e7\u00f5es relativas ao pagamento tamb\u00e9m podem ser consultadas no aplicativo Caixa Tem ou no aplicativo Benef\u00edcios Sociais.<\/p>\n<h2>Incentivos<\/h2>\n<p>A poupan\u00e7a do ensino m\u00e9dio tem quatro tipos de incentivo financeiro-educacional:<\/p>\n<ol>\n<li>Incentivo-matr\u00edcula: por matr\u00edcula registrada no in\u00edcio do ano letivo, valor pago uma vez por ano, no valor de R$ 200;<\/li>\n<li>Incentivo-frequ\u00eancia: por frequ\u00eancia m\u00ednima escolar de 80% do total de horas letivas. Para o ensino regular, s\u00e3o nove parcelas durante o ano de R$ 200.<\/li>\n<li>Incentivo-conclus\u00e3o: por conclus\u00e3o e com aprova\u00e7\u00e3o em cada um dos tr\u00eas anos letivos do ensino m\u00e9dio e participa\u00e7\u00e3o em avalia\u00e7\u00f5es educacionais, no valor total de R$ 3 mil. O saque depende da obten\u00e7\u00e3o de certificado de conclus\u00e3o do ensino m\u00e9dio;<\/li>\n<li>Incentivo-Enem: paga ap\u00f3s a participa\u00e7\u00e3o nos dois dias do Exame Nacional do Ensino M\u00e9dio (Enem), no ano que o estudante conclui o 3\u00ba ano do ensino m\u00e9dio. Os R$ 200 s\u00e3o pagos em parcela \u00fanica.<\/li>\n<\/ol>\n<p>Dessa forma,\u00a0<strong>a soma do\u202fincentivo financeiro-educacional pode alcan\u00e7ar R$ 9,2 mil por aluno,\u202fno fim do ensino m\u00e9dio<\/strong>.<\/p>\n<p>agenciabrasil.ebc<\/p>\n","protected":false},"excerpt":{"rendered":"<p>O Minist\u00e9rio da Educa\u00e7\u00e3o (MEC) inicia, nesta segunda-feira (25), o\u00a0pagamento da\u202fsexta parcela\u202faos participantes do programa P\u00e9-de-Meia de 2025. Os beneficiados pelo programa s\u00e3o os estudantes do ensino m\u00e9dio matriculados na rede p\u00fablica regular e na modalidade educa\u00e7\u00e3o de jovens e adultos (EJA), inscritos no Cadastro Nacional de Programas Sociais do governo federal (Cad\u00danico). Nesta nova &hellip;<\/p>\n","protected":false},"author":1,"featured_media":98987,"comment_status":"open","ping_status":"open","sticky":false,"template":"","format":"standard","meta":{"footnotes":""},"categories":[11],"tags":[],"class_list":["post-135741","post","type-post","status-publish","format-standard","has-post-thumbnail","hentry","category-educacao"],"_links":{"self":[{"href":"https:\/\/iparaiba.com.br\/index.php\/wp-json\/wp\/v2\/posts\/135741","targetHints":{"allow":["GET"]}}],"collection":[{"href":"https:\/\/iparaiba.com.br\/index.php\/wp-json\/wp\/v2\/posts"}],"about":[{"href":"https:\/\/iparaiba.com.br\/index.php\/wp-json\/wp\/v2\/types\/post"}],"author":[{"embeddable":true,"href":"https:\/\/iparaiba.com.br\/index.php\/wp-json\/wp\/v2\/users\/1"}],"replies":[{"embeddable":true,"href":"https:\/\/iparaiba.com.br\/index.php\/wp-json\/wp\/v2\/comments?post=135741"}],"version-history":[{"count":1,"href":"https:\/\/iparaiba.com.br\/index.php\/wp-json\/wp\/v2\/posts\/135741\/revisions"}],"predecessor-version":[{"id":135776,"href":"https:\/\/iparaiba.com.br\/index.php\/wp-json\/wp\/v2\/posts\/135741\/revisions\/135776"}],"wp:featuredmedia":[{"embeddable":true,"href":"https:\/\/iparaiba.com.br\/index.php\/wp-json\/wp\/v2\/media\/98987"}],"wp:attachment":[{"href":"https:\/\/iparaiba.com.br\/index.php\/wp-json\/wp\/v2\/media?parent=135741"}],"wp:term":[{"taxonomy":"category","embeddable":true,"href":"https:\/\/iparaiba.com.br\/index.php\/wp-json\/wp\/v2\/categories?post=135741"},{"taxonomy":"post_tag","embeddable":true,"href":"https:\/\/iparaiba.com.br\/index.php\/wp-json\/wp\/v2\/tags?post=135741"}],"curies":[{"name":"wp","href":"https:\/\/api.w.org\/{rel}","templated":true}]}}