{"id":135740,"date":"2025-08-27T18:42:36","date_gmt":"2025-08-27T21:42:36","guid":{"rendered":"https:\/\/onordeste.com.br\/?p=135739"},"modified":"2025-08-27T18:42:36","modified_gmt":"2025-08-27T21:42:36","slug":"brasil-avanca-na-vacinacao-contra-hpv","status":"publish","type":"post","link":"https:\/\/iparaiba.com.br\/index.php\/2025\/08\/27\/brasil-avanca-na-vacinacao-contra-hpv\/","title":{"rendered":"Brasil avan\u00e7a na vacina\u00e7\u00e3o contra HPV"},"content":{"rendered":"<p>O Brasil atingiu mais de 82% de cobertura vacinal contra o\u00a0<a class=\"external-link\" title=\"HPV\" href=\"https:\/\/www.gov.br\/saude\/pt-br\/assuntos\/saude-de-a-a-z\/h\/hpv\" target=\"_blank\" rel=\"noopener\" data-tippreview-enabled=\"false\" data-tippreview-image=\"\" data-tippreview-title=\"\">HPV\u00a0<\/a>entre meninas de 9 a 14 anos em 2024, superando a m\u00e9dia global de 12%, segundo dados da Organiza\u00e7\u00e3o Mundial da Sa\u00fade (OMS). Entre os meninos da mesma faixa et\u00e1ria, a cobertura chega a 67%. A vacina protege contra diversos tipos de\u00a0<a class=\"external-link\" title=\"c\u00e2ncer\" href=\"https:\/\/www.gov.br\/saude\/pt-br\/assuntos\/saude-de-a-a-z\/c\/cancer\" target=\"_blank\" rel=\"noopener\" data-tippreview-enabled=\"false\" data-tippreview-image=\"\" data-tippreview-title=\"\">c\u00e2ncer\u00a0<\/a>associados ao HPV, incluindo colo do \u00fatero, \u00e2nus, p\u00eanis, garganta e pesco\u00e7o, al\u00e9m de verrugas genitais.<\/p>\n<p>Desde 2023, o pa\u00eds tem registrado avan\u00e7os na vacina\u00e7\u00e3o, revertendo a tend\u00eancia de queda nas coberturas vacinais em 15 das 16 vacinas ofertadas ao p\u00fablico infantil. Os avan\u00e7os s\u00e3o resultado da retomada do\u00a0<a class=\"external-link\" title=\"Programa Nacional de Imuniza\u00e7\u00f5es (PNI)\" href=\"https:\/\/www.gov.br\/saude\/pt-br\/acesso-a-informacao\/acoes-e-programas\/pni\" target=\"_blank\" rel=\"noopener\" data-tippreview-enabled=\"false\" data-tippreview-image=\"\" data-tippreview-title=\"\">Programa Nacional de Imuniza\u00e7\u00f5es (PNI)\u00a0<\/a>, da garantia da oferta de vacinas, da realiza\u00e7\u00e3o de mobiliza\u00e7\u00f5es nacionais, da\u00a0<a class=\"external-link\" title=\"vacina\u00e7\u00e3o\" href=\"https:\/\/www.gov.br\/saude\/pt-br\/vacinacao\" target=\"_blank\" rel=\"noopener\" data-tippreview-enabled=\"false\" data-tippreview-image=\"\" data-tippreview-title=\"\">vacina\u00e7\u00e3o\u00a0<\/a>em escolas e da implementa\u00e7\u00e3o de estrat\u00e9gias adaptadas \u00e0 realidade de cada regi\u00e3o.<\/p>\n<p>Entre meninas, a cobertura vacinal do HPV passou de 78,42% em 2022 para 82,83% em 2024, enquanto entre os meninos o salto foi de 45,46% para 67,26%, evidenciando crescimento cont\u00ednuo \u2013 um aumento de 22% em apenas dois anos. A inclus\u00e3o de meninos no esquema vacinal tamb\u00e9m representa um avan\u00e7o nas iniciativas do Brasil para ampliar a prote\u00e7\u00e3o de crian\u00e7as contra a\u00a0<a class=\"external-link\" title=\"meningite\" href=\"https:\/\/www.gov.br\/saude\/pt-br\/assuntos\/saude-de-a-a-z\/m\/meningite\" target=\"_blank\" rel=\"noopener\" data-tippreview-enabled=\"false\" data-tippreview-image=\"\" data-tippreview-title=\"\">meningite\u00a0<\/a>.<\/p>\n<p>Para ampliar a prote\u00e7\u00e3o entre adolescentes, o Minist\u00e9rio da Sa\u00fade implementou a estrat\u00e9gia de resgate vacinal para jovens de 15 a 19 anos que n\u00e3o se vacinaram anteriormente. At\u00e9 21 de agosto, mais de 106 mil adolescentes dessa faixa et\u00e1ria j\u00e1 foram vacinados. Estados com maior n\u00famero de n\u00e3o vacinados, como S\u00e3o Paulo e Rio de Janeiro, iniciaram a estrat\u00e9gia recentemente, e a expectativa \u00e9 de que a ades\u00e3o aumente nas pr\u00f3ximas semanas.<\/p>\n","protected":false},"excerpt":{"rendered":"<p>O Brasil atingiu mais de 82% de cobertura vacinal contra o\u00a0HPV\u00a0entre meninas de 9 a 14 anos em 2024, superando a m\u00e9dia global de 12%, segundo dados da Organiza\u00e7\u00e3o Mundial da Sa\u00fade (OMS). Entre os meninos da mesma faixa et\u00e1ria, a cobertura chega a 67%. A vacina protege contra diversos tipos de\u00a0c\u00e2ncer\u00a0associados ao HPV, incluindo &hellip;<\/p>\n","protected":false},"author":1,"featured_media":97614,"comment_status":"open","ping_status":"open","sticky":false,"template":"","format":"standard","meta":{"footnotes":""},"categories":[2],"tags":[],"class_list":["post-135740","post","type-post","status-publish","format-standard","has-post-thumbnail","hentry","category-saude"],"_links":{"self":[{"href":"https:\/\/iparaiba.com.br\/index.php\/wp-json\/wp\/v2\/posts\/135740","targetHints":{"allow":["GET"]}}],"collection":[{"href":"https:\/\/iparaiba.com.br\/index.php\/wp-json\/wp\/v2\/posts"}],"about":[{"href":"https:\/\/iparaiba.com.br\/index.php\/wp-json\/wp\/v2\/types\/post"}],"author":[{"embeddable":true,"href":"https:\/\/iparaiba.com.br\/index.php\/wp-json\/wp\/v2\/users\/1"}],"replies":[{"embeddable":true,"href":"https:\/\/iparaiba.com.br\/index.php\/wp-json\/wp\/v2\/comments?post=135740"}],"version-history":[{"count":1,"href":"https:\/\/iparaiba.com.br\/index.php\/wp-json\/wp\/v2\/posts\/135740\/revisions"}],"predecessor-version":[{"id":135775,"href":"https:\/\/iparaiba.com.br\/index.php\/wp-json\/wp\/v2\/posts\/135740\/revisions\/135775"}],"wp:featuredmedia":[{"embeddable":true,"href":"https:\/\/iparaiba.com.br\/index.php\/wp-json\/wp\/v2\/media\/97614"}],"wp:attachment":[{"href":"https:\/\/iparaiba.com.br\/index.php\/wp-json\/wp\/v2\/media?parent=135740"}],"wp:term":[{"taxonomy":"category","embeddable":true,"href":"https:\/\/iparaiba.com.br\/index.php\/wp-json\/wp\/v2\/categories?post=135740"},{"taxonomy":"post_tag","embeddable":true,"href":"https:\/\/iparaiba.com.br\/index.php\/wp-json\/wp\/v2\/tags?post=135740"}],"curies":[{"name":"wp","href":"https:\/\/api.w.org\/{rel}","templated":true}]}}