{"id":135737,"date":"2025-08-27T12:00:10","date_gmt":"2025-08-27T15:00:10","guid":{"rendered":"https:\/\/onordeste.com.br\/?p=135733"},"modified":"2025-08-27T12:00:10","modified_gmt":"2025-08-27T15:00:10","slug":"audiencia-publica-sobre-pejotizacao-e-remarcada","status":"publish","type":"post","link":"https:\/\/iparaiba.com.br\/index.php\/2025\/08\/27\/audiencia-publica-sobre-pejotizacao-e-remarcada\/","title":{"rendered":"Audi\u00eancia p\u00fablica sobre \u2018pejotiza\u00e7\u00e3o\u2019 \u00e9 remarcada"},"content":{"rendered":"<p>O ministro Gilmar Mendes, decano do Supremo Tribunal Federal (STF), remarcou para o dia 6 de outubro a audi\u00eancia p\u00fablica que discutir\u00e1 os desafios econ\u00f4micos e sociais da \u201cpejotiza\u00e7\u00e3o\u201d no Brasil.<\/p>\n<p>O despacho informando sobre a altera\u00e7\u00e3o da data foi divulgado nesta sexta-feira (22) no Recurso Extraordin\u00e1rio com Agravo\u00a0<a href=\"https:\/\/portal.stf.jus.br\/processos\/detalhe.asp?incidente=7138684\" target=\"_blank\" rel=\"noreferrer noopener\" data-type=\"link\" data-id=\"https:\/\/portal.stf.jus.br\/processos\/detalhe.asp?incidente=7138684\"><strong>(ARE) 1532603<\/strong><\/a>, com repercuss\u00e3o geral (Tema 1.389).<\/p>\n<p>O relator considerou a necessidade de reorganiza\u00e7\u00e3o interna da sala de sess\u00f5es da Segunda Turma nos dias 2, 3, 9 e 10 de setembro, em raz\u00e3o do julgamento dos r\u00e9us do chamado \u201cN\u00facleo 1\u201d da A\u00e7\u00e3o Penal (AP) 2668, que apura a tentativa de golpe de Estado, bem como de outros eventos j\u00e1 agendados para o local.<\/p>\n<p>O cronograma da audi\u00eancia p\u00fablica e a lista de participantes ser\u00e1 divulgada oportunamente.<\/p>\n<p>Leia a\u00a0<a href=\"https:\/\/portal.stf.jus.br\/processos\/downloadPeca.asp?id=15379325500&amp;ext=.pdf\" target=\"_blank\" rel=\"noreferrer noopener\" data-type=\"link\" data-id=\"https:\/\/portal.stf.jus.br\/processos\/downloadPeca.asp?id=15379325500&amp;ext=.pdf\"><strong>\u00edntegra do despacho<\/strong><\/a>.<\/p>\n","protected":false},"excerpt":{"rendered":"<p>O ministro Gilmar Mendes, decano do Supremo Tribunal Federal (STF), remarcou para o dia 6 de outubro a audi\u00eancia p\u00fablica que discutir\u00e1 os desafios econ\u00f4micos e sociais da \u201cpejotiza\u00e7\u00e3o\u201d no Brasil. O despacho informando sobre a altera\u00e7\u00e3o da data foi divulgado nesta sexta-feira (22) no Recurso Extraordin\u00e1rio com Agravo\u00a0(ARE) 1532603, com repercuss\u00e3o geral (Tema 1.389). &hellip;<\/p>\n","protected":false},"author":1,"featured_media":97552,"comment_status":"open","ping_status":"open","sticky":false,"template":"","format":"standard","meta":{"footnotes":""},"categories":[16],"tags":[],"class_list":["post-135737","post","type-post","status-publish","format-standard","has-post-thumbnail","hentry","category-economia"],"_links":{"self":[{"href":"https:\/\/iparaiba.com.br\/index.php\/wp-json\/wp\/v2\/posts\/135737","targetHints":{"allow":["GET"]}}],"collection":[{"href":"https:\/\/iparaiba.com.br\/index.php\/wp-json\/wp\/v2\/posts"}],"about":[{"href":"https:\/\/iparaiba.com.br\/index.php\/wp-json\/wp\/v2\/types\/post"}],"author":[{"embeddable":true,"href":"https:\/\/iparaiba.com.br\/index.php\/wp-json\/wp\/v2\/users\/1"}],"replies":[{"embeddable":true,"href":"https:\/\/iparaiba.com.br\/index.php\/wp-json\/wp\/v2\/comments?post=135737"}],"version-history":[{"count":1,"href":"https:\/\/iparaiba.com.br\/index.php\/wp-json\/wp\/v2\/posts\/135737\/revisions"}],"predecessor-version":[{"id":135772,"href":"https:\/\/iparaiba.com.br\/index.php\/wp-json\/wp\/v2\/posts\/135737\/revisions\/135772"}],"wp:featuredmedia":[{"embeddable":true,"href":"https:\/\/iparaiba.com.br\/index.php\/wp-json\/wp\/v2\/media\/97552"}],"wp:attachment":[{"href":"https:\/\/iparaiba.com.br\/index.php\/wp-json\/wp\/v2\/media?parent=135737"}],"wp:term":[{"taxonomy":"category","embeddable":true,"href":"https:\/\/iparaiba.com.br\/index.php\/wp-json\/wp\/v2\/categories?post=135737"},{"taxonomy":"post_tag","embeddable":true,"href":"https:\/\/iparaiba.com.br\/index.php\/wp-json\/wp\/v2\/tags?post=135737"}],"curies":[{"name":"wp","href":"https:\/\/api.w.org\/{rel}","templated":true}]}}