{"id":135736,"date":"2025-08-27T10:00:14","date_gmt":"2025-08-27T13:00:14","guid":{"rendered":"https:\/\/onordeste.com.br\/?p=135731"},"modified":"2025-08-27T10:00:14","modified_gmt":"2025-08-27T13:00:14","slug":"stf-determina-medidas-para-garantir-cumprimento-de-decisoes-sobre-aquisicao-de-medicamentos","status":"publish","type":"post","link":"https:\/\/iparaiba.com.br\/index.php\/2025\/08\/27\/stf-determina-medidas-para-garantir-cumprimento-de-decisoes-sobre-aquisicao-de-medicamentos\/","title":{"rendered":"STF determina medidas para garantir cumprimento de decis\u00f5es sobre aquisi\u00e7\u00e3o de medicamentos"},"content":{"rendered":"<p>O ministro Gilmar Mendes, do Supremo Tribunal Federal (STF), determinou uma s\u00e9rie de medidas para assegurar o cumprimento de duas decis\u00f5es do Plen\u00e1rio nos julgamentos dos Temas 1.234 e 6 de repercuss\u00e3o geral, que tratam da aquisi\u00e7\u00e3o de medicamentos pelo Sistema \u00danico de Sa\u00fade (SUS).<\/p>\n<p>Segundo o ministro, chegaram ao STF relatos de reiterados descumprimentos das teses fixadas pela Corte, tanto por \u00f3rg\u00e3os da administra\u00e7\u00e3o p\u00fablica quanto pelo Judici\u00e1rio, o que tem levado ao aumento das reclama\u00e7\u00f5es apresentadas ao Supremo.<\/p>\n<p>\u201cN\u00e3o \u00e9 incomum que, logo ap\u00f3s a edi\u00e7\u00e3o de qualquer s\u00famula vinculante, ocorra aumento no n\u00famero de reclama\u00e7\u00f5es, em raz\u00e3o da possibilidade de acionar diretamente o STF. Contudo, ao se analisar o teor das decis\u00f5es questionadas, observa-se certa incompreens\u00e3o ou mesmo desconhecimento quanto aos Temas 6 e 1.234, o que evidencia a necessidade de refor\u00e7ar a forma\u00e7\u00e3o continuada de magistrados sobre essa mat\u00e9ria\u201d, afirmou.<\/p>\n<p>Na decis\u00e3o, tomada no Recurso Extraordin\u00e1rio\u00a0<strong><a href=\"https:\/\/portal.stf.jus.br\/processos\/detalhe.asp?incidente=6335939\" target=\"_blank\" rel=\"noreferrer noopener\" data-type=\"link\" data-id=\"https:\/\/portal.stf.jus.br\/processos\/detalhe.asp?incidente=6335939\">(RE) 1366243<\/a><\/strong>, o ministro determinou ao corregedor nacional de Justi\u00e7a que recomende a todos os magistrados federais e estaduais o cumprimento estrito das teses fixadas pelo Supremo, especialmente no ponto que pro\u00edbe o repasse de valores diretamente ao autor da a\u00e7\u00e3o para a aquisi\u00e7\u00e3o privada de medicamentos.<\/p>\n<p>O decano do STF tamb\u00e9m ordenou \u00e0 C\u00e2mara de Regula\u00e7\u00e3o do Mercado de Medicamentos (CMED) que, em at\u00e9 60 dias, edite nova resolu\u00e7\u00e3o \u2013 ou atualize a vigente \u2013 tornando obrigat\u00f3ria a observ\u00e2ncia da tabela de Pre\u00e7o M\u00e1ximo de Venda ao Governo (PMVG).<\/p>\n<p>Essa tabela estabelece o valor m\u00e1ximo que os laborat\u00f3rios podem cobrar do governo pela venda de medicamentos. Segundo informa\u00e7\u00f5es enviadas ao STF, algumas empresas estariam descumprindo a norma. Por essa raz\u00e3o, Gilmar Mendes determinou ainda que a CMED assegure a fiscaliza\u00e7\u00e3o efetiva desses poss\u00edveis descumprimentos.<\/p>\n<p>Leia a\u00a0<a href=\"https:\/\/portal.stf.jus.br\/processos\/downloadPeca.asp?id=15379325715&amp;ext=.pdf\" target=\"_blank\" rel=\"noreferrer noopener\" data-type=\"link\" data-id=\"https:\/\/portal.stf.jus.br\/processos\/downloadPeca.asp?id=15379325715&amp;ext=.pdf\"><strong>\u00edntegra da decis\u00e3o<\/strong><\/a>.<\/p>\n<p>STF<\/p>\n","protected":false},"excerpt":{"rendered":"<p>O ministro Gilmar Mendes, do Supremo Tribunal Federal (STF), determinou uma s\u00e9rie de medidas para assegurar o cumprimento de duas decis\u00f5es do Plen\u00e1rio nos julgamentos dos Temas 1.234 e 6 de repercuss\u00e3o geral, que tratam da aquisi\u00e7\u00e3o de medicamentos pelo Sistema \u00danico de Sa\u00fade (SUS). Segundo o ministro, chegaram ao STF relatos de reiterados descumprimentos &hellip;<\/p>\n","protected":false},"author":1,"featured_media":97419,"comment_status":"open","ping_status":"open","sticky":false,"template":"","format":"standard","meta":{"footnotes":""},"categories":[9],"tags":[],"class_list":["post-135736","post","type-post","status-publish","format-standard","has-post-thumbnail","hentry","category-justica"],"_links":{"self":[{"href":"https:\/\/iparaiba.com.br\/index.php\/wp-json\/wp\/v2\/posts\/135736","targetHints":{"allow":["GET"]}}],"collection":[{"href":"https:\/\/iparaiba.com.br\/index.php\/wp-json\/wp\/v2\/posts"}],"about":[{"href":"https:\/\/iparaiba.com.br\/index.php\/wp-json\/wp\/v2\/types\/post"}],"author":[{"embeddable":true,"href":"https:\/\/iparaiba.com.br\/index.php\/wp-json\/wp\/v2\/users\/1"}],"replies":[{"embeddable":true,"href":"https:\/\/iparaiba.com.br\/index.php\/wp-json\/wp\/v2\/comments?post=135736"}],"version-history":[{"count":1,"href":"https:\/\/iparaiba.com.br\/index.php\/wp-json\/wp\/v2\/posts\/135736\/revisions"}],"predecessor-version":[{"id":135771,"href":"https:\/\/iparaiba.com.br\/index.php\/wp-json\/wp\/v2\/posts\/135736\/revisions\/135771"}],"wp:featuredmedia":[{"embeddable":true,"href":"https:\/\/iparaiba.com.br\/index.php\/wp-json\/wp\/v2\/media\/97419"}],"wp:attachment":[{"href":"https:\/\/iparaiba.com.br\/index.php\/wp-json\/wp\/v2\/media?parent=135736"}],"wp:term":[{"taxonomy":"category","embeddable":true,"href":"https:\/\/iparaiba.com.br\/index.php\/wp-json\/wp\/v2\/categories?post=135736"},{"taxonomy":"post_tag","embeddable":true,"href":"https:\/\/iparaiba.com.br\/index.php\/wp-json\/wp\/v2\/tags?post=135736"}],"curies":[{"name":"wp","href":"https:\/\/api.w.org\/{rel}","templated":true}]}}