{"id":135735,"date":"2025-08-27T08:00:00","date_gmt":"2025-08-27T11:00:00","guid":{"rendered":"https:\/\/onordeste.com.br\/?p=135729"},"modified":"2025-08-27T08:00:00","modified_gmt":"2025-08-27T11:00:00","slug":"relatorio-da-pf-sobre-coacao-em-acao-da-tentativa-de-golpe-e-destaque-do-podcast","status":"publish","type":"post","link":"https:\/\/iparaiba.com.br\/index.php\/2025\/08\/27\/relatorio-da-pf-sobre-coacao-em-acao-da-tentativa-de-golpe-e-destaque-do-podcast\/","title":{"rendered":"Relat\u00f3rio da PF sobre coa\u00e7\u00e3o em a\u00e7\u00e3o da tentativa de golpe \u00e9 destaque do podcast"},"content":{"rendered":"<p>O envio \u00e0 Procuradoria-Geral da Rep\u00fablica (PGR) do relat\u00f3rio final da Pol\u00edcia Federal (PF), que aponta crimes ao ex-presidente Jair Bolsonaro e ao deputado federal Eduardo Bolsonaro (PL-SP) por tentativa de interfer\u00eancia no julgamento da a\u00e7\u00e3o penal sobre o golpe de Estado, \u00e9 um dos destaques do epis\u00f3dio #160 do podcast Supremo na Semana.<\/p>\n<p>Clique\u00a0<a href=\"https:\/\/open.spotify.com\/show\/6KlYf9BKn4YNKsjDZ8eJKP#login\" target=\"_blank\" rel=\"noreferrer noopener\" data-type=\"link\" data-id=\"https:\/\/open.spotify.com\/show\/6KlYf9BKn4YNKsjDZ8eJKP#login\"><strong>aqui para ouvir<\/strong><\/a>\u00a0e\u00a0<a href=\"https:\/\/www.youtube.com\/playlist?list=PLippyY19Z47uVfUBc_DlZrQpnnqmnPkT0\" target=\"_blank\" rel=\"noreferrer noopener\" data-type=\"link\" data-id=\"https:\/\/www.youtube.com\/playlist?list=PLippyY19Z47uVfUBc_DlZrQpnnqmnPkT0\"><strong>aqui para assistir<\/strong><\/a>.<\/p>\n<p>Outro tema abordado \u00e9 a decis\u00e3o do ministro Alexandre de Moraes que, a partir de representa\u00e7\u00e3o da PF e parecer da PGR, autorizou busca pessoal e medidas cautelares contra o pastor Silas Malafaia.<\/p>\n<p>O programa tamb\u00e9m discute decis\u00e3o do ministro Fl\u00e1vio Dino, que afastou efeitos imediatos de senten\u00e7as estrangeiras n\u00e3o homologadas pelos \u00f3rg\u00e3os de soberania previstos na Constitui\u00e7\u00e3o.<\/p>\n<p>O julgamento que validou a aplica\u00e7\u00e3o do fator previdenci\u00e1rio em aposentadorias sob regra de transi\u00e7\u00e3o \u00e9 outro tema abordado no podcast. Por maioria, o Plen\u00e1rio considerou constitucional a aplica\u00e7\u00e3o da f\u00f3rmula aos segurados beneficiados pela regra de transi\u00e7\u00e3o institu\u00edda pela Reforma da Previd\u00eancia de 1998.<\/p>\n<p>Esta edi\u00e7\u00e3o \u00e9 apresentada por Mariana Brasil, analista de redes sociais do STF, e conta com coment\u00e1rios de Lucas Mendes, jornalista da Secretaria de Comunica\u00e7\u00e3o Social, e Carina Lelis, assessora especial da Presid\u00eancia.<\/p>\n<p>STF<\/p>\n","protected":false},"excerpt":{"rendered":"<p>O envio \u00e0 Procuradoria-Geral da Rep\u00fablica (PGR) do relat\u00f3rio final da Pol\u00edcia Federal (PF), que aponta crimes ao ex-presidente Jair Bolsonaro e ao deputado federal Eduardo Bolsonaro (PL-SP) por tentativa de interfer\u00eancia no julgamento da a\u00e7\u00e3o penal sobre o golpe de Estado, \u00e9 um dos destaques do epis\u00f3dio #160 do podcast Supremo na Semana. Clique\u00a0aqui &hellip;<\/p>\n","protected":false},"author":1,"featured_media":107988,"comment_status":"open","ping_status":"open","sticky":false,"template":"","format":"standard","meta":{"footnotes":""},"categories":[10],"tags":[],"class_list":["post-135735","post","type-post","status-publish","format-standard","has-post-thumbnail","hentry","category-manchetes"],"_links":{"self":[{"href":"https:\/\/iparaiba.com.br\/index.php\/wp-json\/wp\/v2\/posts\/135735","targetHints":{"allow":["GET"]}}],"collection":[{"href":"https:\/\/iparaiba.com.br\/index.php\/wp-json\/wp\/v2\/posts"}],"about":[{"href":"https:\/\/iparaiba.com.br\/index.php\/wp-json\/wp\/v2\/types\/post"}],"author":[{"embeddable":true,"href":"https:\/\/iparaiba.com.br\/index.php\/wp-json\/wp\/v2\/users\/1"}],"replies":[{"embeddable":true,"href":"https:\/\/iparaiba.com.br\/index.php\/wp-json\/wp\/v2\/comments?post=135735"}],"version-history":[{"count":1,"href":"https:\/\/iparaiba.com.br\/index.php\/wp-json\/wp\/v2\/posts\/135735\/revisions"}],"predecessor-version":[{"id":135770,"href":"https:\/\/iparaiba.com.br\/index.php\/wp-json\/wp\/v2\/posts\/135735\/revisions\/135770"}],"wp:featuredmedia":[{"embeddable":true,"href":"https:\/\/iparaiba.com.br\/index.php\/wp-json\/wp\/v2\/media\/107988"}],"wp:attachment":[{"href":"https:\/\/iparaiba.com.br\/index.php\/wp-json\/wp\/v2\/media?parent=135735"}],"wp:term":[{"taxonomy":"category","embeddable":true,"href":"https:\/\/iparaiba.com.br\/index.php\/wp-json\/wp\/v2\/categories?post=135735"},{"taxonomy":"post_tag","embeddable":true,"href":"https:\/\/iparaiba.com.br\/index.php\/wp-json\/wp\/v2\/tags?post=135735"}],"curies":[{"name":"wp","href":"https:\/\/api.w.org\/{rel}","templated":true}]}}