{"id":135734,"date":"2025-08-27T06:00:52","date_gmt":"2025-08-27T09:00:52","guid":{"rendered":"https:\/\/onordeste.com.br\/?p=135727"},"modified":"2025-08-27T06:00:52","modified_gmt":"2025-08-27T09:00:52","slug":"governo-federal-estados-e-municipios-passarao-a-adquirir-alimentos-de-produtores-afetados-pelo-tarifaco","status":"publish","type":"post","link":"https:\/\/iparaiba.com.br\/index.php\/2025\/08\/27\/governo-federal-estados-e-municipios-passarao-a-adquirir-alimentos-de-produtores-afetados-pelo-tarifaco\/","title":{"rendered":"Governo Federal, estados e munic\u00edpios passar\u00e3o a adquirir alimentos de produtores afetados pelo tarifa\u00e7o"},"content":{"rendered":"<p>O Governo Federal, estados e munic\u00edpios ir\u00e3o adquirir g\u00eaneros aliment\u00edcios produzidos por agricultores familiares e por pessoas jur\u00eddicas que deixaram de exportar alimentos em virtude da imposi\u00e7\u00e3o de tarifas adicionais sobre as exporta\u00e7\u00f5es brasileiras aos Estados Unidos. A medida foi regulamentada por meio da\u00a0<a class=\"external-link\" title=\"\" href=\"https:\/\/www.in.gov.br\/web\/dou\/-\/portaria-interministerial-mda\/mapa-n-12-de-22-de-agosto-de-2025-650494102\" target=\"_blank\" rel=\"noopener\" data-tippreview-enabled=\"false\" data-tippreview-image=\"\" data-tippreview-title=\"\"><strong>Portaria Interministerial N\u00ba12\u00a0<\/strong><\/a>,\u00a0assinada entre os minist\u00e9rios do Desenvolvimento Agr\u00e1rio e Agricultura Familiar e da Agricultura e Pecu\u00e1ria, publicada na noite desta sexta-feira (22), no Di\u00e1rio Oficial da Uni\u00e3o.<\/p>\n<p>Os produtores poder\u00e3o participar de chamadas de compras p\u00fablicas de alimentos previstas na\u00a0<strong><a class=\"external-link\" title=\"\" href=\"http:\/\/www.in.gov.br\/web\/dou\/-\/medida-provisoria-n-1.309-de-13-de-agosto-de-2025-648212650\" target=\"_blank\" rel=\"noopener\" data-tippreview-enabled=\"false\" data-tippreview-image=\"\" data-tippreview-title=\"\">MP 1309\/25\u00a0<\/a><\/strong>, que institui o Plano Brasil Soberano. A Portaria traz uma lista de alimentos que poder\u00e3o ser adquiridos pela administra\u00e7\u00e3o p\u00fablica por meio de contrata\u00e7\u00e3o direta via dispensa de licita\u00e7\u00e3o: o a\u00e7a\u00ed, \u00e1gua de coco, castanha de caju, castanha do Brasil, mel, manga, pescados e uva. A rela\u00e7\u00e3o poder\u00e1 ser atualizada periodicamente por ato conjunto de ambos os minist\u00e9rios. Os alimentos adquiridos v\u00e3o abastecer as escolas p\u00fablicas e proporcionar a forma\u00e7\u00e3o de estoques.<\/p>\n","protected":false},"excerpt":{"rendered":"<p>O Governo Federal, estados e munic\u00edpios ir\u00e3o adquirir g\u00eaneros aliment\u00edcios produzidos por agricultores familiares e por pessoas jur\u00eddicas que deixaram de exportar alimentos em virtude da imposi\u00e7\u00e3o de tarifas adicionais sobre as exporta\u00e7\u00f5es brasileiras aos Estados Unidos. A medida foi regulamentada por meio da\u00a0Portaria Interministerial N\u00ba12\u00a0,\u00a0assinada entre os minist\u00e9rios do Desenvolvimento Agr\u00e1rio e Agricultura Familiar &hellip;<\/p>\n","protected":false},"author":1,"featured_media":105179,"comment_status":"open","ping_status":"open","sticky":false,"template":"","format":"standard","meta":{"footnotes":""},"categories":[16],"tags":[],"class_list":["post-135734","post","type-post","status-publish","format-standard","has-post-thumbnail","hentry","category-economia"],"_links":{"self":[{"href":"https:\/\/iparaiba.com.br\/index.php\/wp-json\/wp\/v2\/posts\/135734","targetHints":{"allow":["GET"]}}],"collection":[{"href":"https:\/\/iparaiba.com.br\/index.php\/wp-json\/wp\/v2\/posts"}],"about":[{"href":"https:\/\/iparaiba.com.br\/index.php\/wp-json\/wp\/v2\/types\/post"}],"author":[{"embeddable":true,"href":"https:\/\/iparaiba.com.br\/index.php\/wp-json\/wp\/v2\/users\/1"}],"replies":[{"embeddable":true,"href":"https:\/\/iparaiba.com.br\/index.php\/wp-json\/wp\/v2\/comments?post=135734"}],"version-history":[{"count":1,"href":"https:\/\/iparaiba.com.br\/index.php\/wp-json\/wp\/v2\/posts\/135734\/revisions"}],"predecessor-version":[{"id":135769,"href":"https:\/\/iparaiba.com.br\/index.php\/wp-json\/wp\/v2\/posts\/135734\/revisions\/135769"}],"wp:featuredmedia":[{"embeddable":true,"href":"https:\/\/iparaiba.com.br\/index.php\/wp-json\/wp\/v2\/media\/105179"}],"wp:attachment":[{"href":"https:\/\/iparaiba.com.br\/index.php\/wp-json\/wp\/v2\/media?parent=135734"}],"wp:term":[{"taxonomy":"category","embeddable":true,"href":"https:\/\/iparaiba.com.br\/index.php\/wp-json\/wp\/v2\/categories?post=135734"},{"taxonomy":"post_tag","embeddable":true,"href":"https:\/\/iparaiba.com.br\/index.php\/wp-json\/wp\/v2\/tags?post=135734"}],"curies":[{"name":"wp","href":"https:\/\/api.w.org\/{rel}","templated":true}]}}