{"id":135733,"date":"2025-08-26T18:25:59","date_gmt":"2025-08-26T21:25:59","guid":{"rendered":"https:\/\/onordeste.com.br\/?p=135724"},"modified":"2025-08-26T18:25:59","modified_gmt":"2025-08-26T21:25:59","slug":"minha-casa-minha-vida-pode-contratar-21-282-novas-moradias","status":"publish","type":"post","link":"https:\/\/iparaiba.com.br\/index.php\/2025\/08\/26\/minha-casa-minha-vida-pode-contratar-21-282-novas-moradias\/","title":{"rendered":"Minha Casa, Minha Vida pode contratar 21.282 novas moradias"},"content":{"rendered":"<div class=\"texto-conteudo\">\n<div>\n<p>Entidades sem fins lucrativos de todo o Brasil interessadas em construir moradias por meio do Minha Casa, Minha Vida poder\u00e3o enviar suas propostas para a Caixa Econ\u00f4mica Federal. O cadastro e a lista de documentos necess\u00e1rios para a apresenta\u00e7\u00e3o destas propostas foram publicados na edi\u00e7\u00e3o extra do Di\u00e1rio Oficial da Uni\u00e3o desta sexta-feira (22).<\/p>\n<p class=\"\">O texto regulamenta o processo de sele\u00e7\u00e3o e estabelece a meta de contrata\u00e7\u00e3o do\u00a0<strong>Minha Casa, Minha Vida \u2013 Entidades para 2025\u00a0<\/strong>(veja tabela abaixo). As moradias ser\u00e3o constru\u00eddas em \u00e1reas urbanas, com recursos do Fundo de Desenvolvimento Social (FDS). Podem participar entidades habilitadas sem fins lucrativos de todo o pa\u00eds.<\/p>\n<p><strong>Poder\u00e3o ser apresentadas propostas para as seguintes modalidades:<\/strong><\/p>\n<p class=\"\">I &#8211; Aquisi\u00e7\u00e3o de terreno e elabora\u00e7\u00e3o de projeto de unidades novas;<\/p>\n<p class=\"\">II &#8211; Elabora\u00e7\u00e3o de projeto de unidades novas;<\/p>\n<p class=\"\">III &#8211; Produ\u00e7\u00e3o de unidades novas;<\/p>\n<p class=\"\">IV &#8211; Aquisi\u00e7\u00e3o de im\u00f3vel e elabora\u00e7\u00e3o de projeto de unidades requalificadas;<\/p>\n<p class=\"\">V &#8211; Elabora\u00e7\u00e3o de projeto de unidades requalificadas; e<\/p>\n<p class=\"\">VI &#8211; Produ\u00e7\u00e3o de unidades requalificadas.<\/p>\n<p class=\"\">A sele\u00e7\u00e3o das propostas observar\u00e1 crit\u00e9rios territoriais, sociais e de projeto. Tais crit\u00e9rios guardam conson\u00e2ncia com as prioridades de atendimento constantes da Lei n\u00ba 14.620, de 13 de julho de 2023. Ser\u00e3o priorizadas propostas em im\u00f3veis disponibilizados pela Secretaria de Patrim\u00f4nio da Uni\u00e3o (SPU).<\/p>\n<p class=\"\">O Minist\u00e9rio das Cidades proceder\u00e1 \u00e0 sele\u00e7\u00e3o das propostas, de acordo com a ordem de hierarquiza\u00e7\u00e3o, at\u00e9 o limite da meta. Caso esta meta n\u00e3o seja alcan\u00e7ada por inexist\u00eancia de proposta enquadrada, o minist\u00e9rio poder\u00e1 realizar o remanejamento da meta com vistas a contemplar propostas enquadradas e n\u00e3o selecionadas.<\/p>\n<table class=\"plain\">\n<tbody>\n<tr>\n<td><strong>REGI\u00c3O\/UF\u00a0<\/strong>\u200b<\/td>\n<td>\n<p align=\"center\"><strong>META 2025 EM<\/strong><\/p>\n<p align=\"center\"><strong>UNIDADES HABITACIONAIS\u200b<\/strong><\/p>\n<\/td>\n<\/tr>\n<tr>\n<td><strong>Centro-Oeste\u00a0<\/strong>\u200b<\/td>\n<td>\n<p align=\"center\"><strong>1.566<\/strong><\/p>\n<\/td>\n<\/tr>\n<tr>\n<td>Distrito Federal\u200b<\/td>\n<td>\n<p align=\"center\">396<\/p>\n<\/td>\n<\/tr>\n<tr>\n<td>Goi\u00e1s\u200b<\/td>\n<td>\n<p align=\"center\">651<\/p>\n<\/td>\n<\/tr>\n<tr>\n<td>Mato Grosso\u200b<\/td>\n<td>\n<p align=\"center\">302<\/p>\n<\/td>\n<\/tr>\n<tr>\n<td>Mato Grosso do Sul\u200b<\/td>\n<td>\n<p align=\"center\">217<\/p>\n<\/td>\n<\/tr>\n<tr>\n<td><strong>Nordeste\u00a0<\/strong>\u200b<\/td>\n<td>\n<p align=\"center\"><strong>7.863<\/strong><\/p>\n<\/td>\n<\/tr>\n<tr>\n<td>Alagoas\u200b<\/td>\n<td>\n<p align=\"center\">471<\/p>\n<\/td>\n<\/tr>\n<tr>\n<td>Bahia\u200b<\/td>\n<td>\n<p align=\"center\">1.978<\/p>\n<\/td>\n<\/tr>\n<tr>\n<td>Cear\u00e1\u200b<\/td>\n<td>\n<p align=\"center\">1.021<\/p>\n<\/td>\n<\/tr>\n<tr>\n<td>Maranh\u00e3o\u200b<\/td>\n<td>\n<p align=\"center\">1.315<\/p>\n<\/td>\n<\/tr>\n<tr>\n<td>Para\u00edba\u200b<\/td>\n<td>\n<p align=\"center\">614<\/p>\n<\/td>\n<\/tr>\n<tr>\n<td>Pernambuco\u200b<\/td>\n<td>\n<p align=\"center\">988<\/p>\n<\/td>\n<\/tr>\n<tr>\n<td>Piau\u00ed\u200b<\/td>\n<td>\n<p align=\"center\">578<\/p>\n<\/td>\n<\/tr>\n<tr>\n<td>Rio Grande do Norte\u200b<\/td>\n<td>\n<p align=\"center\">497<\/p>\n<\/td>\n<\/tr>\n<tr>\n<td>Sergipe\u200b<\/td>\n<td>\n<p align=\"center\">401<\/p>\n<\/td>\n<\/tr>\n<tr>\n<td><strong>Norte\u00a0<\/strong>\u200b<\/td>\n<td>\n<p align=\"center\"><strong>2.706<\/strong><\/p>\n<\/td>\n<\/tr>\n<tr>\n<td>Acre\u200b<\/td>\n<td>\n<p align=\"center\">100<\/p>\n<\/td>\n<\/tr>\n<tr>\n<td>Amap\u00e1\u200b<\/td>\n<td>\n<p align=\"center\">186<\/p>\n<\/td>\n<\/tr>\n<tr>\n<td>Amazonas\u200b<\/td>\n<td>\n<p align=\"center\">612<\/p>\n<\/td>\n<\/tr>\n<tr>\n<td>Par\u00e1\u200b<\/td>\n<td>\n<p align=\"center\">1.191<\/p>\n<\/td>\n<\/tr>\n<tr>\n<td>Rond\u00f4nia\u200b<\/td>\n<td>\n<p align=\"center\">350<\/p>\n<\/td>\n<\/tr>\n<tr>\n<td>Roraima\u200b<\/td>\n<td>\n<p align=\"center\">119<\/p>\n<\/td>\n<\/tr>\n<tr>\n<td>Tocantins\u200b<\/td>\n<td>\n<p align=\"center\">148<\/p>\n<\/td>\n<\/tr>\n<tr>\n<td><strong>Sudeste\u00a0<\/strong>\u200b<\/td>\n<td>\n<p align=\"center\"><strong>7.071<\/strong><\/p>\n<\/td>\n<\/tr>\n<tr>\n<td>Esp\u00edrito Santo\u200b<\/td>\n<td>\n<p align=\"center\">284<\/p>\n<\/td>\n<\/tr>\n<tr>\n<td>Minas Gerais\u200b<\/td>\n<td>\n<p align=\"center\">1.941<\/p>\n<\/td>\n<\/tr>\n<tr>\n<td>Rio de Janeiro\u200b<\/td>\n<td>\n<p align=\"center\">1.635<\/p>\n<\/td>\n<\/tr>\n<tr>\n<td>S\u00e3o Paulo\u200b<\/td>\n<td>\n<p align=\"center\">3.211<\/p>\n<\/td>\n<\/tr>\n<tr>\n<td><strong>Sul\u00a0<\/strong>\u200b<\/td>\n<td>\n<p align=\"center\"><strong>2.076<\/strong><\/p>\n<\/td>\n<\/tr>\n<tr>\n<td>Paran\u00e1\u200b<\/td>\n<td>\n<p align=\"center\">696<\/p>\n<\/td>\n<\/tr>\n<tr>\n<td>Rio Grande do Sul\u200b<\/td>\n<td>\n<p align=\"center\">1.160<\/p>\n<\/td>\n<\/tr>\n<tr>\n<td>Santa Catarina\u200b<\/td>\n<td>\n<p align=\"center\">220<\/p>\n<\/td>\n<\/tr>\n<tr>\n<td><strong>Total Geral\u00a0<\/strong>\u200b<\/td>\n<td>\n<p align=\"center\"><strong>21.282<\/strong><\/p>\n<\/td>\n<\/tr>\n<\/tbody>\n<\/table>\n<p class=\"\"><strong data-olk-copy-source=\"MessageBody\">Im\u00f3vel da Gente<\/strong><\/p>\n<p class=\"\">O Minist\u00e9rio da Gest\u00e3o e da Inova\u00e7\u00e3o em Servi\u00e7os P\u00fablicos (MGI) disponibilizou, por meio da Portaria SPU\/MGI N\u00ba 7.037, de 22 de agosto de 2025, publicada em edi\u00e7\u00e3o extra do DOU desta sexta-feira (22\/8), 72 im\u00f3veis da Uni\u00e3o para apresenta\u00e7\u00e3o de propostas ao programa Minha Casa, Minha Vida \u2013 Entidades (MCMV-Entidades) do Minist\u00e9rio das Cidades (MCID).<\/p>\n<p class=\"\">Os im\u00f3veis est\u00e3o localizados nas cinco regi\u00f5es do pa\u00eds e t\u00eam capacidade para constru\u00e7\u00e3o de cerca de 8 mil moradias populares, o que corresponde a 40% das 21 mil novas unidades de moradias previstas no edital do Minist\u00e9rio das Cidades. A iniciativa faz parte do Programa Im\u00f3vel da Gente, criado pelo MGI, para democratizar o uso de im\u00f3veis da Uni\u00e3o e destin\u00e1-los a fins sociais, ambientais, culturais e econ\u00f4micos, com prioridade para habita\u00e7\u00e3o de interesse social e regulariza\u00e7\u00e3o fundi\u00e1ria.<\/p>\n<p class=\"\">Os im\u00f3veis localizam-se nos estados do Acre, Amazonas, Bahia, Cear\u00e1, Goi\u00e1s, Esp\u00edrito Santo, Minas Gerais, Mato Grosso, Mato Grosso do Sul, Minas Gerais, Par\u00e1 Para\u00edba, Paran\u00e1, Rio de Janeiro, Rio Grande do Sul, Rio Grande do Norte, Roraima, Santa Catarina, Sergipe, S\u00e3o Paulo, Tocantins, al\u00e9m do Distrito Federal. Entre os 72 im\u00f3veis da Uni\u00e3o destinados para o Minha Casa Minha Vida-Entidades, 12 s\u00e3o edif\u00edcios para retrofit e 60 s\u00e3o terrenos.<\/p>\n<p class=\"\">At\u00e9 o momento, o MGI j\u00e1 destinou mais de 70 im\u00f3veis para provis\u00e3o habitacional e regulariza\u00e7\u00e3o fundi\u00e1ria, beneficiando cerca de 370 mil fam\u00edlias.<\/p>\n<p class=\"callout\"><strong>Leia a portaria na \u00edntegra &#8211;\u00a0<\/strong><strong><a class=\"external-link\" title=\"\" href=\"https:\/\/www.in.gov.br\/en\/web\/dou\/-\/portaria-mcid-n-927-de-22-de-agosto-de-2025-650491774\" target=\"_blank\" rel=\"noopener\" data-tippreview-enabled=\"false\" data-tippreview-image=\"\" data-tippreview-title=\"\">\u00a0PORTARIA MCID N\u00ba 927, DE 22 DE AGOSTO DE 2025\u00a0<\/a>.<\/strong><\/p>\n<p class=\"callout\">Acesse a\u00a0<a class=\"external-link\" title=\"\" href=\"https:\/\/www.gov.br\/cidades\/pt-br\/central-de-conteudos\" target=\"_blank\" rel=\"noopener\" data-tippreview-enabled=\"false\" data-tippreview-image=\"\" data-tippreview-title=\"\">Central de Conte\u00fados\u00a0<\/a>do Minist\u00e9rio das Cidades<\/p>\n<p>&nbsp;<\/p>\n<\/div>\n<\/div>\n<p><a class=\"materia-original\" href=\"https:\/\/www.gov.br\/cidades\/pt-br\/assuntos\/noticias-1\/noticia-mcid-n-1512\" target=\"_blank\" rel=\"noopener\">Link: https:\/\/www.gov.br\/cidades\/pt-br\/assuntos\/noticias-1\/noticia-mcid-n-1512<\/a><\/p>\n","protected":false},"excerpt":{"rendered":"<p>Entidades sem fins lucrativos de todo o Brasil interessadas em construir moradias por meio do Minha Casa, Minha Vida poder\u00e3o enviar suas propostas para a Caixa Econ\u00f4mica Federal. O cadastro e a lista de documentos necess\u00e1rios para a apresenta\u00e7\u00e3o destas propostas foram publicados na edi\u00e7\u00e3o extra do Di\u00e1rio Oficial da Uni\u00e3o desta sexta-feira (22). O &hellip;<\/p>\n","protected":false},"author":1,"featured_media":97486,"comment_status":"open","ping_status":"open","sticky":false,"template":"","format":"standard","meta":{"footnotes":""},"categories":[18],"tags":[],"class_list":["post-135733","post","type-post","status-publish","format-standard","has-post-thumbnail","hentry","category-brasil"],"_links":{"self":[{"href":"https:\/\/iparaiba.com.br\/index.php\/wp-json\/wp\/v2\/posts\/135733","targetHints":{"allow":["GET"]}}],"collection":[{"href":"https:\/\/iparaiba.com.br\/index.php\/wp-json\/wp\/v2\/posts"}],"about":[{"href":"https:\/\/iparaiba.com.br\/index.php\/wp-json\/wp\/v2\/types\/post"}],"author":[{"embeddable":true,"href":"https:\/\/iparaiba.com.br\/index.php\/wp-json\/wp\/v2\/users\/1"}],"replies":[{"embeddable":true,"href":"https:\/\/iparaiba.com.br\/index.php\/wp-json\/wp\/v2\/comments?post=135733"}],"version-history":[{"count":1,"href":"https:\/\/iparaiba.com.br\/index.php\/wp-json\/wp\/v2\/posts\/135733\/revisions"}],"predecessor-version":[{"id":135768,"href":"https:\/\/iparaiba.com.br\/index.php\/wp-json\/wp\/v2\/posts\/135733\/revisions\/135768"}],"wp:featuredmedia":[{"embeddable":true,"href":"https:\/\/iparaiba.com.br\/index.php\/wp-json\/wp\/v2\/media\/97486"}],"wp:attachment":[{"href":"https:\/\/iparaiba.com.br\/index.php\/wp-json\/wp\/v2\/media?parent=135733"}],"wp:term":[{"taxonomy":"category","embeddable":true,"href":"https:\/\/iparaiba.com.br\/index.php\/wp-json\/wp\/v2\/categories?post=135733"},{"taxonomy":"post_tag","embeddable":true,"href":"https:\/\/iparaiba.com.br\/index.php\/wp-json\/wp\/v2\/tags?post=135733"}],"curies":[{"name":"wp","href":"https:\/\/api.w.org\/{rel}","templated":true}]}}