{"id":135732,"date":"2025-08-26T16:23:57","date_gmt":"2025-08-26T19:23:57","guid":{"rendered":"https:\/\/onordeste.com.br\/?p=135722"},"modified":"2025-08-26T16:23:57","modified_gmt":"2025-08-26T19:23:57","slug":"camara-homenageia-vigilante-por-ato-de-bravura","status":"publish","type":"post","link":"https:\/\/iparaiba.com.br\/index.php\/2025\/08\/26\/camara-homenageia-vigilante-por-ato-de-bravura\/","title":{"rendered":"C\u00e2mara homenageia vigilante por ato de bravura"},"content":{"rendered":"<p>O vereador Severino da Presta\u00e7\u00e3o abriu os trabalhos no Pequeno Expediente homenageando o vigilante Ant\u00f4nio Oliveira dos Santos, que conseguiu impedir a a\u00e7\u00e3o criminosa de dois suspeitos que invadiram o seu local de trabalho, na Escola Estadual Ant\u00f4nio Oliveira, localizada no bairro de Santa Rosa, e tentaram roubar sua arma.<\/p>\n<p>O parlamentar destacou o ato de bravura e coragem do profissional e logo em seguida entregou uma Mo\u00e7\u00e3o de Aplausos pela a\u00e7\u00e3o r\u00e1pida e eficaz.<\/p>\n","protected":false},"excerpt":{"rendered":"<p>O vereador Severino da Presta\u00e7\u00e3o abriu os trabalhos no Pequeno Expediente homenageando o vigilante Ant\u00f4nio Oliveira dos Santos, que conseguiu impedir a a\u00e7\u00e3o criminosa de dois suspeitos que invadiram o seu local de trabalho, na Escola Estadual Ant\u00f4nio Oliveira, localizada no bairro de Santa Rosa, e tentaram roubar sua arma. O parlamentar destacou o ato &hellip;<\/p>\n","protected":false},"author":1,"featured_media":115500,"comment_status":"open","ping_status":"open","sticky":false,"template":"","format":"standard","meta":{"footnotes":""},"categories":[13],"tags":[],"class_list":["post-135732","post","type-post","status-publish","format-standard","has-post-thumbnail","hentry","category-policial"],"_links":{"self":[{"href":"https:\/\/iparaiba.com.br\/index.php\/wp-json\/wp\/v2\/posts\/135732","targetHints":{"allow":["GET"]}}],"collection":[{"href":"https:\/\/iparaiba.com.br\/index.php\/wp-json\/wp\/v2\/posts"}],"about":[{"href":"https:\/\/iparaiba.com.br\/index.php\/wp-json\/wp\/v2\/types\/post"}],"author":[{"embeddable":true,"href":"https:\/\/iparaiba.com.br\/index.php\/wp-json\/wp\/v2\/users\/1"}],"replies":[{"embeddable":true,"href":"https:\/\/iparaiba.com.br\/index.php\/wp-json\/wp\/v2\/comments?post=135732"}],"version-history":[{"count":1,"href":"https:\/\/iparaiba.com.br\/index.php\/wp-json\/wp\/v2\/posts\/135732\/revisions"}],"predecessor-version":[{"id":135767,"href":"https:\/\/iparaiba.com.br\/index.php\/wp-json\/wp\/v2\/posts\/135732\/revisions\/135767"}],"wp:featuredmedia":[{"embeddable":true,"href":"https:\/\/iparaiba.com.br\/index.php\/wp-json\/wp\/v2\/media\/115500"}],"wp:attachment":[{"href":"https:\/\/iparaiba.com.br\/index.php\/wp-json\/wp\/v2\/media?parent=135732"}],"wp:term":[{"taxonomy":"category","embeddable":true,"href":"https:\/\/iparaiba.com.br\/index.php\/wp-json\/wp\/v2\/categories?post=135732"},{"taxonomy":"post_tag","embeddable":true,"href":"https:\/\/iparaiba.com.br\/index.php\/wp-json\/wp\/v2\/tags?post=135732"}],"curies":[{"name":"wp","href":"https:\/\/api.w.org\/{rel}","templated":true}]}}