{"id":135731,"date":"2025-08-26T14:00:41","date_gmt":"2025-08-26T17:00:41","guid":{"rendered":"https:\/\/onordeste.com.br\/?p=135720"},"modified":"2025-08-26T14:00:41","modified_gmt":"2025-08-26T17:00:41","slug":"ans-mantem-a-funasa-saude-entre-as-operadoras-com-menor-risco-assistencial","status":"publish","type":"post","link":"https:\/\/iparaiba.com.br\/index.php\/2025\/08\/26\/ans-mantem-a-funasa-saude-entre-as-operadoras-com-menor-risco-assistencial\/","title":{"rendered":"ANS mant\u00e9m a Funasa Sa\u00fade entre as operadoras com menor risco assistencial"},"content":{"rendered":"<p>A Ag\u00eancia Nacional de Sa\u00fade Suplementar (ANS) divulgou o resultado do Monitoramento do Risco Assistencial das operadoras de plano de sa\u00fade do pa\u00eds, referente ao primeiro trimestre de 2025. A Funasa Sa\u00fade, operadora que atua no sistema de sa\u00fade suplementar na Para\u00edba, obteve a nota m\u00e1xima em oito dos onze indicadores avaliados nesse per\u00edodo.<\/p>\n<p>A Funasa Sa\u00fade cumpriu 96,03% das metas estabelecidas pela ANS, mantendo sua posi\u00e7\u00e3o entre as operadoras de planos de sa\u00fade classificadas na Faixa 1, a mais elevada.<\/p>\n<p>O diretor administrativo financeiro, Jos\u00e9 Alessandro Rocha de Carvalho e Silva, afirma que \u201ca posi\u00e7\u00e3o conquistada pela Funasa Sa\u00fade, uma operadora de pequeno porte, h\u00e1 30 anos cuidando de gera\u00e7\u00f5es, reflete o compromisso, n\u00e3o apenas de que os seus benefici\u00e1rios sejam adequadamente assistidos, mas, tamb\u00e9m, de cumprir os compromissos firmados com a rede assistencial\u201d.<\/p>\n<p>Ele acrescenta: \u201cO resultado apurado em indicador espec\u00edfico mostra que a operadora quitou as contas dos procedimentos realizados no prazo m\u00e9dio de 37,8 dias, considerado excelente no mercado de sa\u00fade suplementar\u201d.<\/p>\n<p>Jos\u00e9 Alessandro Rocha concluiu afirmando que \u201co alcance das metas dos programas de qualidade da ANS se torna mais significativo diante de fatores como o envelhecimento da popula\u00e7\u00e3o, a judicializa\u00e7\u00e3o da sa\u00fade, as frequentes atualiza\u00e7\u00f5es do rol da ANS, a incorpora\u00e7\u00e3o tecnol\u00f3gica da medicina e outros fatores que exigem esfor\u00e7os cada vez maiores para garantir tanto a assist\u00eancia contratada como a sustentabilidade da operadora\u201d.<\/p>\n<p>O Monitoramento do Risco Assistencial, realizado pela ANS, objetiva prever anormalidades que ponham em risco a continuidade da assist\u00eancia prestada pelas operadoras de plano de sa\u00fade aos seus benefici\u00e1rios. O alcance das metas definidas para cada indicador \u00e9 medido pela nota obtida, que varia de 0 a 1.<\/p>\n<p>Esses resultados s\u00e3o usados para subsidiar as a\u00e7\u00f5es regulat\u00f3rias da ANS, que visam garantir nos n\u00edveis adequados, a qualidade da assist\u00eancia prestada aos 53,2 milh\u00f5es de benefici\u00e1rios das 672 operadoras que atuam na sa\u00fade suplementar brasileira.<\/p>\n<p>A Funasa Sa\u00fade \u00e9 uma associa\u00e7\u00e3o genuinamente paraibana que opera planos de sa\u00fade. Todas as informa\u00e7\u00f5es sobre o processo de ades\u00e3o \u00e0 Funasa Sa\u00fade est\u00e3o dispon\u00edveis no perfil no Instagram da Funasa Sa\u00fade (@funasasaude) ou atrav\u00e9s do telefone 3244-4225.<\/p>\n","protected":false},"excerpt":{"rendered":"<p>A Ag\u00eancia Nacional de Sa\u00fade Suplementar (ANS) divulgou o resultado do Monitoramento do Risco Assistencial das operadoras de plano de sa\u00fade do pa\u00eds, referente ao primeiro trimestre de 2025. A Funasa Sa\u00fade, operadora que atua no sistema de sa\u00fade suplementar na Para\u00edba, obteve a nota m\u00e1xima em oito dos onze indicadores avaliados nesse per\u00edodo. A &hellip;<\/p>\n","protected":false},"author":1,"featured_media":111016,"comment_status":"open","ping_status":"open","sticky":false,"template":"","format":"standard","meta":{"footnotes":""},"categories":[3],"tags":[],"class_list":["post-135731","post","type-post","status-publish","format-standard","has-post-thumbnail","hentry","category-nordeste"],"_links":{"self":[{"href":"https:\/\/iparaiba.com.br\/index.php\/wp-json\/wp\/v2\/posts\/135731","targetHints":{"allow":["GET"]}}],"collection":[{"href":"https:\/\/iparaiba.com.br\/index.php\/wp-json\/wp\/v2\/posts"}],"about":[{"href":"https:\/\/iparaiba.com.br\/index.php\/wp-json\/wp\/v2\/types\/post"}],"author":[{"embeddable":true,"href":"https:\/\/iparaiba.com.br\/index.php\/wp-json\/wp\/v2\/users\/1"}],"replies":[{"embeddable":true,"href":"https:\/\/iparaiba.com.br\/index.php\/wp-json\/wp\/v2\/comments?post=135731"}],"version-history":[{"count":1,"href":"https:\/\/iparaiba.com.br\/index.php\/wp-json\/wp\/v2\/posts\/135731\/revisions"}],"predecessor-version":[{"id":135766,"href":"https:\/\/iparaiba.com.br\/index.php\/wp-json\/wp\/v2\/posts\/135731\/revisions\/135766"}],"wp:featuredmedia":[{"embeddable":true,"href":"https:\/\/iparaiba.com.br\/index.php\/wp-json\/wp\/v2\/media\/111016"}],"wp:attachment":[{"href":"https:\/\/iparaiba.com.br\/index.php\/wp-json\/wp\/v2\/media?parent=135731"}],"wp:term":[{"taxonomy":"category","embeddable":true,"href":"https:\/\/iparaiba.com.br\/index.php\/wp-json\/wp\/v2\/categories?post=135731"},{"taxonomy":"post_tag","embeddable":true,"href":"https:\/\/iparaiba.com.br\/index.php\/wp-json\/wp\/v2\/tags?post=135731"}],"curies":[{"name":"wp","href":"https:\/\/api.w.org\/{rel}","templated":true}]}}