{"id":135730,"date":"2025-08-26T12:00:18","date_gmt":"2025-08-26T15:00:18","guid":{"rendered":"https:\/\/onordeste.com.br\/?p=135718"},"modified":"2025-08-26T12:00:18","modified_gmt":"2025-08-26T15:00:18","slug":"alpb-aprova-projeto-de-prevencao-a-dependencia-digital-infantil-nas-escolas","status":"publish","type":"post","link":"https:\/\/iparaiba.com.br\/index.php\/2025\/08\/26\/alpb-aprova-projeto-de-prevencao-a-dependencia-digital-infantil-nas-escolas\/","title":{"rendered":"ALPB aprova projeto de preven\u00e7\u00e3o \u00e0 depend\u00eancia digital infantil nas escolas"},"content":{"rendered":"<p>A Assembleia Legislativa da Para\u00edba (ALPB) aprovou, nesta quarta-feira (20), o Projeto de Lei 4.346\/2025, de autoria da deputada Cida Ramos, que institui o programa de Preven\u00e7\u00e3o \u00e0 Depend\u00eancia Digital Infantil na Para\u00edba.\u00a0De acordo com a deputada, o programa tem como objetivo identificar, prevenir e combater o uso excessivo de telas como celulares, tablets e computadores por crian\u00e7as nas escolas p\u00fablicas e privadas de educa\u00e7\u00e3o b\u00e1sica.<\/p>\n<p>Cida acrescenta que o programa dever\u00e1 ser desenvolvido em parceria com as Secretarias de Educa\u00e7\u00e3o, Sa\u00fade e Desenvolvimento Humano, com base em diretrizes como a realiza\u00e7\u00e3o de campanhas educativas para pais, alunos e professores a respeito dos riscos do uso excessivo de dispositivos digitais na inf\u00e2ncia, al\u00e9m da capacita\u00e7\u00e3o de profissionais, cria\u00e7\u00e3o de protocolos para triagem e encaminhamento de casos graves para acompanhamento psicol\u00f3gico e multiprofissional.<\/p>\n<p>A deputada Cida Ramos explica que o uso excessivo de telas por crian\u00e7as \u00e9 uma preocupa\u00e7\u00e3o crescente de fam\u00edlias educadores e profissionais de sa\u00fade. \u201cA depend\u00eancia digital infantil pode causar preju\u00edzos ao desenvolvimento cognitivo social e emocional, al\u00e9m de aumentar o risco de ansiedade, depress\u00e3o, sedentarismo e dificuldades de aprendizagem\u201d, alertou a deputada Cida Ramos.<\/p>\n<p>Ainda preocupados com o desenvolvimento escolar de crian\u00e7as e adolescentes em todo o estado, os deputados aprovaram tamb\u00e9m o PL 4.709\/2025, de autoria do presidente da ALPB, deputado Adriano Galdino, garantindo aos estudantes da rede p\u00fablica de ensino do Estado da Para\u00edba o direito ao pleno acesso ao conhecimento da Hist\u00f3ria e da Geografia da Para\u00edba.<\/p>\n<p>A mat\u00e9ria esclarece que o conhecimento repassado aos estudantes paraibanos traga aspectos hist\u00f3ricos, geogr\u00e1ficos, sociais, pol\u00edticos, econ\u00f4micos, culturais e ambientais que comp\u00f5em a realidade do Estado da Para\u00edba, abordando temas como a forma\u00e7\u00e3o hist\u00f3rica do territ\u00f3rio paraibano; a diversidade geogr\u00e1fica do Estado, seus biomas e regi\u00f5es geoadministrativas; al\u00e9m de povos origin\u00e1rios, comunidades tradicionais e suas contribui\u00e7\u00f5es para a identidade cultural da Para\u00edba.<\/p>\n<p>Para o presidente Adriano Galdino, a valoriza\u00e7\u00e3o da identidade regional no ambiente escolar \u00e9 um passo essencial para o fortalecimento da cidadania, da mem\u00f3ria coletiva e do senso de pertencimento. \u201cConhecer a forma\u00e7\u00e3o hist\u00f3rica, a diversidade geogr\u00e1fica, os povos origin\u00e1rios, as comunidades tradicionais, as transforma\u00e7\u00f5es sociais e o patrim\u00f4nio cultural da Para\u00edba \u00e9 fundamental para que os estudantes compreendam criticamente a realidade em que vivem e atuem de forma consciente na constru\u00e7\u00e3o do presente e do futuro do Estado\u201d, justificou o presidente.<\/p>\n","protected":false},"excerpt":{"rendered":"<p>A Assembleia Legislativa da Para\u00edba (ALPB) aprovou, nesta quarta-feira (20), o Projeto de Lei 4.346\/2025, de autoria da deputada Cida Ramos, que institui o programa de Preven\u00e7\u00e3o \u00e0 Depend\u00eancia Digital Infantil na Para\u00edba.\u00a0De acordo com a deputada, o programa tem como objetivo identificar, prevenir e combater o uso excessivo de telas como celulares, tablets e &hellip;<\/p>\n","protected":false},"author":1,"featured_media":108920,"comment_status":"open","ping_status":"open","sticky":false,"template":"","format":"standard","meta":{"footnotes":""},"categories":[11],"tags":[],"class_list":["post-135730","post","type-post","status-publish","format-standard","has-post-thumbnail","hentry","category-educacao"],"_links":{"self":[{"href":"https:\/\/iparaiba.com.br\/index.php\/wp-json\/wp\/v2\/posts\/135730","targetHints":{"allow":["GET"]}}],"collection":[{"href":"https:\/\/iparaiba.com.br\/index.php\/wp-json\/wp\/v2\/posts"}],"about":[{"href":"https:\/\/iparaiba.com.br\/index.php\/wp-json\/wp\/v2\/types\/post"}],"author":[{"embeddable":true,"href":"https:\/\/iparaiba.com.br\/index.php\/wp-json\/wp\/v2\/users\/1"}],"replies":[{"embeddable":true,"href":"https:\/\/iparaiba.com.br\/index.php\/wp-json\/wp\/v2\/comments?post=135730"}],"version-history":[{"count":1,"href":"https:\/\/iparaiba.com.br\/index.php\/wp-json\/wp\/v2\/posts\/135730\/revisions"}],"predecessor-version":[{"id":135765,"href":"https:\/\/iparaiba.com.br\/index.php\/wp-json\/wp\/v2\/posts\/135730\/revisions\/135765"}],"wp:featuredmedia":[{"embeddable":true,"href":"https:\/\/iparaiba.com.br\/index.php\/wp-json\/wp\/v2\/media\/108920"}],"wp:attachment":[{"href":"https:\/\/iparaiba.com.br\/index.php\/wp-json\/wp\/v2\/media?parent=135730"}],"wp:term":[{"taxonomy":"category","embeddable":true,"href":"https:\/\/iparaiba.com.br\/index.php\/wp-json\/wp\/v2\/categories?post=135730"},{"taxonomy":"post_tag","embeddable":true,"href":"https:\/\/iparaiba.com.br\/index.php\/wp-json\/wp\/v2\/tags?post=135730"}],"curies":[{"name":"wp","href":"https:\/\/api.w.org\/{rel}","templated":true}]}}