{"id":135728,"date":"2025-08-26T08:00:43","date_gmt":"2025-08-26T11:00:43","guid":{"rendered":"https:\/\/onordeste.com.br\/?p=135713"},"modified":"2025-08-26T08:00:43","modified_gmt":"2025-08-26T11:00:43","slug":"sessao-especial-debate-a-mobilidade-por-bicicletas","status":"publish","type":"post","link":"https:\/\/iparaiba.com.br\/index.php\/2025\/08\/26\/sessao-especial-debate-a-mobilidade-por-bicicletas\/","title":{"rendered":"Sess\u00e3o especial debate a mobilidade por bicicletas"},"content":{"rendered":"<p align=\"justify\">A C\u00e2mara Municipal de Jo\u00e3o Pessoa (CMJP) realizou, na tarde desta quinta-feira (21), sess\u00e3o especial para discutir a mobilidade por bicicleta em Jo\u00e3o Pessoa: ciclofaixas, desafios, seguran\u00e7a e o perfil do ciclista do munic\u00edpio. O vereador Milanez Neto (MDB) presidiu a discuss\u00e3o.<\/p>\n<p align=\"justify\">\u201cSemana passada, em conversa com a Universidade Federal, estava falando justamente sobre mobilidade urbana, utilizando o eixo do ciclismo como forma de mobilidade. \u00c9 muito triste ver a realidade atual da cidade em rela\u00e7\u00e3o ao tema. A gente s\u00f3 lembra do ciclista quando morre algu\u00e9m em acidente. Hoje, a gente assiste as faixas exclusivas de \u00f4nibus sendo compartilhadas com o ciclista. As pessoas n\u00e3o conseguem entender o respeito que o ciclista precisa ter\u201d, lamentou Milanez Neto.<\/p>\n<p align=\"justify\">Segundo o parlamentar, o ciclista disputa espa\u00e7o com as pessoas que caminham nas cal\u00e7adas. \u201cAs poucas ciclovias que existem na cidade, quando n\u00e3o est\u00e3o destru\u00eddas, est\u00e3o destruindo. Ent\u00e3o, a gente precisa olhar, n\u00e3o apenas para o ciclismo esportivo, mas o ciclismo de trabalho. Hoje, parte do Ifood \u00e9 entregue com pessoas que trabalham em bicicletas. Pessoas oper\u00e1rias da constru\u00e7\u00e3o civil saem todos os dias \u00e0s quatro, tr\u00eas e meia da manh\u00e3 para trabalhar em bicicletas. A gente chama esse tema para ser discutido na cidade para que a sociedade entenda que mobilidade urbana n\u00e3o \u00e9 apenas carro e \u00f4nibus. Podemos ter mobilidade urbana com cal\u00e7adas estruturadas, com ciclovias sendo constru\u00eddas no ambiente em que a gente vive\u201d, acrescentou.<\/p>\n<p align=\"justify\">Jos\u00e9 Neto, diretor de planejamento da Secretaria de Mobilidade Urbana (Semob-JP), apresentou como est\u00e1 a malha vi\u00e1ria de ciclovias na cidade. \u201cNa nossa cidade temos um pouco mais de 121 km de malha ciclovi\u00e1ria, dividida em ciclovia, ciclofaixa e ciclo rota. Estamos em um trabalho de expans\u00e3o dessa malha ciclovi\u00e1ria. Nos \u00faltimos quatro anos tivemos um aumento de 34 km de novas ciclovias e ciclofaixas. Estamos fazendo um planejamento para aumentar essa malha, inclusive fazendo a conectividade das ciclovias existentes\u201d, informou.<\/p>\n<p align=\"justify\">CMJP<\/p>\n","protected":false},"excerpt":{"rendered":"<p>A C\u00e2mara Municipal de Jo\u00e3o Pessoa (CMJP) realizou, na tarde desta quinta-feira (21), sess\u00e3o especial para discutir a mobilidade por bicicleta em Jo\u00e3o Pessoa: ciclofaixas, desafios, seguran\u00e7a e o perfil do ciclista do munic\u00edpio. O vereador Milanez Neto (MDB) presidiu a discuss\u00e3o. \u201cSemana passada, em conversa com a Universidade Federal, estava falando justamente sobre mobilidade &hellip;<\/p>\n","protected":false},"author":1,"featured_media":99920,"comment_status":"open","ping_status":"open","sticky":false,"template":"","format":"standard","meta":{"footnotes":""},"categories":[15],"tags":[],"class_list":["post-135728","post","type-post","status-publish","format-standard","has-post-thumbnail","hentry","category-links"],"_links":{"self":[{"href":"https:\/\/iparaiba.com.br\/index.php\/wp-json\/wp\/v2\/posts\/135728","targetHints":{"allow":["GET"]}}],"collection":[{"href":"https:\/\/iparaiba.com.br\/index.php\/wp-json\/wp\/v2\/posts"}],"about":[{"href":"https:\/\/iparaiba.com.br\/index.php\/wp-json\/wp\/v2\/types\/post"}],"author":[{"embeddable":true,"href":"https:\/\/iparaiba.com.br\/index.php\/wp-json\/wp\/v2\/users\/1"}],"replies":[{"embeddable":true,"href":"https:\/\/iparaiba.com.br\/index.php\/wp-json\/wp\/v2\/comments?post=135728"}],"version-history":[{"count":1,"href":"https:\/\/iparaiba.com.br\/index.php\/wp-json\/wp\/v2\/posts\/135728\/revisions"}],"predecessor-version":[{"id":135763,"href":"https:\/\/iparaiba.com.br\/index.php\/wp-json\/wp\/v2\/posts\/135728\/revisions\/135763"}],"wp:featuredmedia":[{"embeddable":true,"href":"https:\/\/iparaiba.com.br\/index.php\/wp-json\/wp\/v2\/media\/99920"}],"wp:attachment":[{"href":"https:\/\/iparaiba.com.br\/index.php\/wp-json\/wp\/v2\/media?parent=135728"}],"wp:term":[{"taxonomy":"category","embeddable":true,"href":"https:\/\/iparaiba.com.br\/index.php\/wp-json\/wp\/v2\/categories?post=135728"},{"taxonomy":"post_tag","embeddable":true,"href":"https:\/\/iparaiba.com.br\/index.php\/wp-json\/wp\/v2\/tags?post=135728"}],"curies":[{"name":"wp","href":"https:\/\/api.w.org\/{rel}","templated":true}]}}