{"id":135727,"date":"2025-08-26T06:00:23","date_gmt":"2025-08-26T09:00:23","guid":{"rendered":"https:\/\/onordeste.com.br\/?p=135711"},"modified":"2025-08-26T06:00:23","modified_gmt":"2025-08-26T09:00:23","slug":"coordenadora-de-imunizacao-e-indicada-ao-premio-anna-nery","status":"publish","type":"post","link":"https:\/\/iparaiba.com.br\/index.php\/2025\/08\/26\/coordenadora-de-imunizacao-e-indicada-ao-premio-anna-nery\/","title":{"rendered":"Coordenadora de imuniza\u00e7\u00e3o \u00e9 indicada ao Pr\u00eamio Anna Nery"},"content":{"rendered":"<p style=\"font-weight: 400;\">A coordenadora municipal de imuniza\u00e7\u00e3o de Campina Grande, Samira Luna, foi indicada ao Pr\u00eamio Anna Nery, a maior honraria concedida a profissionais de enfermagem no Brasil. Criada em 2012 pelo Sistema Cofen\/Corens, a premia\u00e7\u00e3o reconhece enfermeiros, t\u00e9cnicos e auxiliares que se destacam pela dedica\u00e7\u00e3o \u00e0 profiss\u00e3o e pela contribui\u00e7\u00e3o ao fortalecimento da assist\u00eancia em sa\u00fade. A entrega do pr\u00eamio acontecer\u00e1 no dia 9 de setembro, em Salvador\/BA.<\/p>\n<p style=\"font-weight: 400;\">A indica\u00e7\u00e3o do nome de Samira foi aprovada pelo Plen\u00e1rio do Conselho Regional de Enfermagem da Para\u00edba (Coren-PB) e posteriormente ratificada pelo Plen\u00e1rio do Conselho Federal de Enfermagem (Cofen).<\/p>\n<p style=\"font-weight: 400;\">\u201cReceber esse pr\u00eamio \u00e9 extraordin\u00e1rio\u2026 Uma alegria imensa, pois \u00e9 algo grandioso para minha amada profiss\u00e3o! eu costumo dizer que n\u00e3o escolhi a enfermagem, mas ela que me escolheu, pois desde crian\u00e7a eu dizia que queria ser enfermeira como a minha mainha, a enfermeira mais incr\u00edvel que conheci. Agrade\u00e7o imensamente ao Plen\u00e1rio no Coren-PB que fez a indica\u00e7\u00e3o e ao Cofen por ter aprovado!<\/p>\n<p style=\"font-weight: 400;\">Dedico esse pr\u00eamio a todos os profissionais de enfermagem da Para\u00edba, a minha fam\u00edlia e aos meus amigos de trabalho de Campina Grande, cidade amada e que me proporciona exercer minha profiss\u00e3o com ci\u00eancia, \u00e9tica e amor\u201d, destacou Samira.<\/p>\n<p style=\"font-weight: 400;\">Com trajet\u00f3ria marcada pela atua\u00e7\u00e3o na aten\u00e7\u00e3o b\u00e1sica e no fortalecimento das pol\u00edticas p\u00fablicas de sa\u00fade, Samira j\u00e1 exerceu o cargo de Gerente de Aten\u00e7\u00e3o B\u00e1sica (2020-2022) e atua como coordenadora municipal de imuniza\u00e7\u00e3o desde maio de 2021. Tamb\u00e9m foi mobilizadora da Sa\u00fade do Selo Unicef e gestora da Busca Ativa Vacinal (BAV), iniciativa em parceria com o Unicef para ampliar a cobertura vacinal no munic\u00edpio.<\/p>\n","protected":false},"excerpt":{"rendered":"<p>A coordenadora municipal de imuniza\u00e7\u00e3o de Campina Grande, Samira Luna, foi indicada ao Pr\u00eamio Anna Nery, a maior honraria concedida a profissionais de enfermagem no Brasil. Criada em 2012 pelo Sistema Cofen\/Corens, a premia\u00e7\u00e3o reconhece enfermeiros, t\u00e9cnicos e auxiliares que se destacam pela dedica\u00e7\u00e3o \u00e0 profiss\u00e3o e pela contribui\u00e7\u00e3o ao fortalecimento da assist\u00eancia em sa\u00fade. &hellip;<\/p>\n","protected":false},"author":1,"featured_media":123337,"comment_status":"open","ping_status":"open","sticky":false,"template":"","format":"standard","meta":{"footnotes":""},"categories":[2],"tags":[],"class_list":["post-135727","post","type-post","status-publish","format-standard","has-post-thumbnail","hentry","category-saude"],"_links":{"self":[{"href":"https:\/\/iparaiba.com.br\/index.php\/wp-json\/wp\/v2\/posts\/135727","targetHints":{"allow":["GET"]}}],"collection":[{"href":"https:\/\/iparaiba.com.br\/index.php\/wp-json\/wp\/v2\/posts"}],"about":[{"href":"https:\/\/iparaiba.com.br\/index.php\/wp-json\/wp\/v2\/types\/post"}],"author":[{"embeddable":true,"href":"https:\/\/iparaiba.com.br\/index.php\/wp-json\/wp\/v2\/users\/1"}],"replies":[{"embeddable":true,"href":"https:\/\/iparaiba.com.br\/index.php\/wp-json\/wp\/v2\/comments?post=135727"}],"version-history":[{"count":1,"href":"https:\/\/iparaiba.com.br\/index.php\/wp-json\/wp\/v2\/posts\/135727\/revisions"}],"predecessor-version":[{"id":135762,"href":"https:\/\/iparaiba.com.br\/index.php\/wp-json\/wp\/v2\/posts\/135727\/revisions\/135762"}],"wp:featuredmedia":[{"embeddable":true,"href":"https:\/\/iparaiba.com.br\/index.php\/wp-json\/wp\/v2\/media\/123337"}],"wp:attachment":[{"href":"https:\/\/iparaiba.com.br\/index.php\/wp-json\/wp\/v2\/media?parent=135727"}],"wp:term":[{"taxonomy":"category","embeddable":true,"href":"https:\/\/iparaiba.com.br\/index.php\/wp-json\/wp\/v2\/categories?post=135727"},{"taxonomy":"post_tag","embeddable":true,"href":"https:\/\/iparaiba.com.br\/index.php\/wp-json\/wp\/v2\/tags?post=135727"}],"curies":[{"name":"wp","href":"https:\/\/api.w.org\/{rel}","templated":true}]}}