{"id":135725,"date":"2025-08-25T15:03:37","date_gmt":"2025-08-25T18:03:37","guid":{"rendered":"https:\/\/onordeste.com.br\/?p=135707"},"modified":"2025-08-25T15:03:37","modified_gmt":"2025-08-25T18:03:37","slug":"governador-e-operado","status":"publish","type":"post","link":"https:\/\/iparaiba.com.br\/index.php\/2025\/08\/25\/governador-e-operado\/","title":{"rendered":"Governador \u00e9 operado"},"content":{"rendered":"<p>O governador da Para\u00edba,\u00a0<a href=\"https:\/\/paraibaonline.com.br\/politica\/2025\/08\/24\/joao-azevedo-esta-internado-e-sera-operado-ainda-neste-domingo\/\">Jo\u00e3o Azev\u00eado (PSB)<\/a>, foi submetido na noite deste domingo (24), \u00e0s 20h, a uma cirurgia de retirada da ves\u00edcula biliar no Hospital Memorial S\u00e3o Francisco, em Jo\u00e3o Pessoa. O procedimento foi necess\u00e1rio ap\u00f3s a constata\u00e7\u00e3o de um processo inflamat\u00f3rio no \u00f3rg\u00e3o.<\/p>\n<p>De acordo com a equipe m\u00e9dica, a cirurgia foi de baixa complexidade, transcorreu sem intercorr\u00eancias e o paciente j\u00e1 est\u00e1 acordado, com dieta liberada ainda neste domingo. A previs\u00e3o \u00e9 que Jo\u00e3o Azev\u00eado receba alta hospitalar nas pr\u00f3ximas 48 horas.<\/p>\n<p>O procedimento foi conduzido pelos m\u00e9dicos C\u00e1ssio Virg\u00edlio, Wandenberge Albuquerque, Gutemberg Borborema, F\u00falvio Petrucci e \u00cdtalo Kumamoto.<\/p>\n<p>Mais cedo, os profissionais haviam informado que o governador apresentava um quadro de crise de ves\u00edcula, o que exigiu a interven\u00e7\u00e3o cir\u00fargica. Por orienta\u00e7\u00e3o m\u00e9dica, Jo\u00e3o Azev\u00eado ter\u00e1 sua agenda oficial suspensa durante esta semana para cumprir o per\u00edodo de recupera\u00e7\u00e3o.<\/p>\n<p>Confira a nota divulgada pela equipe m\u00e9dica:<\/p>\n<p>Governador passa por cirurgia e tem previs\u00e3o de alta hospitalar nas pr\u00f3ximas 48 horas<\/p>\n<p>O governador Jo\u00e3o Azev\u00eado foi submetido neste domingo, \u00e0s 20h, no hospital Memorial S\u00e3o Francisco, em Jo\u00e3o Pessoa, a uma cirurgia de retirada de Ves\u00edcula Biliar, ap\u00f3s a constata\u00e7\u00e3o de um processo inflamat\u00f3rio deste \u00f3rg\u00e3o.<\/p>\n<p>A cirurgia transcorreu sem intercorr\u00eancias e o paciente j\u00e1 encontra-se acordado, com dieta liberada ainda hoje e previs\u00e3o de alta hospitalar nas pr\u00f3ximas 48 horas.<\/p>\n","protected":false},"excerpt":{"rendered":"<p>O governador da Para\u00edba,\u00a0Jo\u00e3o Azev\u00eado (PSB), foi submetido na noite deste domingo (24), \u00e0s 20h, a uma cirurgia de retirada da ves\u00edcula biliar no Hospital Memorial S\u00e3o Francisco, em Jo\u00e3o Pessoa. O procedimento foi necess\u00e1rio ap\u00f3s a constata\u00e7\u00e3o de um processo inflamat\u00f3rio no \u00f3rg\u00e3o. De acordo com a equipe m\u00e9dica, a cirurgia foi de baixa &hellip;<\/p>\n","protected":false},"author":1,"featured_media":107367,"comment_status":"open","ping_status":"open","sticky":false,"template":"","format":"standard","meta":{"footnotes":""},"categories":[2],"tags":[],"class_list":["post-135725","post","type-post","status-publish","format-standard","has-post-thumbnail","hentry","category-saude"],"_links":{"self":[{"href":"https:\/\/iparaiba.com.br\/index.php\/wp-json\/wp\/v2\/posts\/135725","targetHints":{"allow":["GET"]}}],"collection":[{"href":"https:\/\/iparaiba.com.br\/index.php\/wp-json\/wp\/v2\/posts"}],"about":[{"href":"https:\/\/iparaiba.com.br\/index.php\/wp-json\/wp\/v2\/types\/post"}],"author":[{"embeddable":true,"href":"https:\/\/iparaiba.com.br\/index.php\/wp-json\/wp\/v2\/users\/1"}],"replies":[{"embeddable":true,"href":"https:\/\/iparaiba.com.br\/index.php\/wp-json\/wp\/v2\/comments?post=135725"}],"version-history":[{"count":1,"href":"https:\/\/iparaiba.com.br\/index.php\/wp-json\/wp\/v2\/posts\/135725\/revisions"}],"predecessor-version":[{"id":135760,"href":"https:\/\/iparaiba.com.br\/index.php\/wp-json\/wp\/v2\/posts\/135725\/revisions\/135760"}],"wp:featuredmedia":[{"embeddable":true,"href":"https:\/\/iparaiba.com.br\/index.php\/wp-json\/wp\/v2\/media\/107367"}],"wp:attachment":[{"href":"https:\/\/iparaiba.com.br\/index.php\/wp-json\/wp\/v2\/media?parent=135725"}],"wp:term":[{"taxonomy":"category","embeddable":true,"href":"https:\/\/iparaiba.com.br\/index.php\/wp-json\/wp\/v2\/categories?post=135725"},{"taxonomy":"post_tag","embeddable":true,"href":"https:\/\/iparaiba.com.br\/index.php\/wp-json\/wp\/v2\/tags?post=135725"}],"curies":[{"name":"wp","href":"https:\/\/api.w.org\/{rel}","templated":true}]}}