{"id":135696,"date":"2025-08-15T11:35:27","date_gmt":"2025-08-15T14:35:27","guid":{"rendered":"https:\/\/onordeste.com.br\/?p=135639"},"modified":"2025-08-15T11:35:27","modified_gmt":"2025-08-15T14:35:27","slug":"celebrados-os-76-anos-do-curso-de-direito-da-universidade-federal-da-paraiba","status":"publish","type":"post","link":"https:\/\/iparaiba.com.br\/index.php\/2025\/08\/15\/celebrados-os-76-anos-do-curso-de-direito-da-universidade-federal-da-paraiba\/","title":{"rendered":"Celebrados os 76 anos do curso de Direito da Universidade Federal da Para\u00edba"},"content":{"rendered":"<p align=\"justify\">A C\u00e2mara Municipal de Jo\u00e3o Pessoa (CMJP), em conjunto com a Assembleia Legislativa da Para\u00edba (ALPB), realizou uma sess\u00e3o especial para celebrar os 76 anos do curso de Direito da Universidade Federal da Para\u00edba (UFPB), os 36 anos do Centro de Ci\u00eancias Jur\u00eddicas e os 16 anos do curso de Direito da cidade de Santa Rita. A comemora\u00e7\u00e3o foi proposta pelo vereador Odon Bezerra e pela deputada Cida Ramos, ambos do PSB, e aconteceu no Plen\u00e1rio Epit\u00e1cio Pessoa, na sede da ALPB.<\/p>\n<div><\/div>\n<p>\u201cEstamos homenageando uma institui\u00e7\u00e3o muito s\u00e9ria, que \u00e9 um campo f\u00e9rtil de grandes nomes na cultura jur\u00eddica do nosso estado. Saber que a UFPB iniciou em Jo\u00e3o Pessoa e, por causa da dificuldade enfrentada no deslocamento para pessoas que nutriam o desejo de cursar direito, mas moravam em cidades do interior, ela come\u00e7ou a se interiorizar. Ent\u00e3o, vemos o qu\u00e3o importante \u00e9 o Centro de Santa Rita, tamb\u00e9m, na forma\u00e7\u00e3o dos novos juristas paraibanos\u201d, reconheceu Odon Bezerra.<\/p>\n<p align=\"justify\">\u201cS\u00e3o 56 anos de contribui\u00e7\u00e3o para o estado da Para\u00edba e para Jo\u00e3o Pessoa. Fico muito feliz de ter sido a propositora, junto ao vereador Odon Bezerra, que \u00e9 advogado e tem uma trajet\u00f3ria inquestion\u00e1vel no Direito. Ent\u00e3o, \u00e9 um momento de alegria, de reafirma\u00e7\u00e3o e de comemora\u00e7\u00e3o\u201d, celebrou Cida Ramos.<\/p>\n<p align=\"justify\">A diretora do Centro de Ci\u00eancias Jur\u00eddicas da UFPB, Anne Augusta, tamb\u00e9m expressou sua alegria pelo momento: \u201cPara n\u00f3s, enquanto UFPB e CCJ, \u00e9 motivo de muita alegria discutir o Direito na Assembleia Legislativa, em sess\u00e3o conjunta com a C\u00e2mara de Vereadores, e ser acolhida pelo Poder Legislativo, dentro de um espa\u00e7o em que a gente discute amplamente o curso de Direito, que \u00e9 o pavimento de outro poder da Rep\u00fablica, que \u00e9 o Judici\u00e1rio. Da mesma forma que a universidade ultrapassa os seus muros, os poderes tamb\u00e9m ultrapassam os seus muros e v\u00e3o at\u00e9 a sociedade\u201d.<\/p>\n<p>A Faculdade de Direito, hoje Centro de Ci\u00eancias Jur\u00eddicas da UFPB, foi institu\u00edda em 11 de agosto de 1949. Muito antes dessa data, os paraibanos vocacionados para advocacia ou para as carreiras ligadas \u00e0s ci\u00eancias jur\u00eddicas, lutaram para que a Para\u00edba tivesse uma Faculdade de Direito, isso j\u00e1 em 1885, isto \u00e9, 58 anos ap\u00f3s a cria\u00e7\u00e3o dos cursos jur\u00eddicos no Brasil. Contudo, essa iniciativa n\u00e3o obteve sucesso, tendo o Bar\u00e3o do Abia\u00ed empenhando-se em apresentar o projeto de cria\u00e7\u00e3o de uma Escola de Direito, por ocasi\u00e3o da Assembleia Constituinte Provincial. O n\u00famero 2 da Revista da Faculdade de Direito, editada em 1955, registra este fato com detalhes.<\/p>\n<p>CMJP<\/p>\n","protected":false},"excerpt":{"rendered":"<p>A C\u00e2mara Municipal de Jo\u00e3o Pessoa (CMJP), em conjunto com a Assembleia Legislativa da Para\u00edba (ALPB), realizou uma sess\u00e3o especial para celebrar os 76 anos do curso de Direito da Universidade Federal da Para\u00edba (UFPB), os 36 anos do Centro de Ci\u00eancias Jur\u00eddicas e os 16 anos do curso de Direito da cidade de Santa &hellip;<\/p>\n","protected":false},"author":1,"featured_media":107052,"comment_status":"open","ping_status":"open","sticky":false,"template":"","format":"standard","meta":{"footnotes":""},"categories":[11],"tags":[],"class_list":["post-135696","post","type-post","status-publish","format-standard","has-post-thumbnail","hentry","category-educacao"],"_links":{"self":[{"href":"https:\/\/iparaiba.com.br\/index.php\/wp-json\/wp\/v2\/posts\/135696","targetHints":{"allow":["GET"]}}],"collection":[{"href":"https:\/\/iparaiba.com.br\/index.php\/wp-json\/wp\/v2\/posts"}],"about":[{"href":"https:\/\/iparaiba.com.br\/index.php\/wp-json\/wp\/v2\/types\/post"}],"author":[{"embeddable":true,"href":"https:\/\/iparaiba.com.br\/index.php\/wp-json\/wp\/v2\/users\/1"}],"replies":[{"embeddable":true,"href":"https:\/\/iparaiba.com.br\/index.php\/wp-json\/wp\/v2\/comments?post=135696"}],"version-history":[{"count":0,"href":"https:\/\/iparaiba.com.br\/index.php\/wp-json\/wp\/v2\/posts\/135696\/revisions"}],"wp:featuredmedia":[{"embeddable":true,"href":"https:\/\/iparaiba.com.br\/index.php\/wp-json\/wp\/v2\/media\/107052"}],"wp:attachment":[{"href":"https:\/\/iparaiba.com.br\/index.php\/wp-json\/wp\/v2\/media?parent=135696"}],"wp:term":[{"taxonomy":"category","embeddable":true,"href":"https:\/\/iparaiba.com.br\/index.php\/wp-json\/wp\/v2\/categories?post=135696"},{"taxonomy":"post_tag","embeddable":true,"href":"https:\/\/iparaiba.com.br\/index.php\/wp-json\/wp\/v2\/tags?post=135696"}],"curies":[{"name":"wp","href":"https:\/\/api.w.org\/{rel}","templated":true}]}}