{"id":135695,"date":"2025-08-15T11:29:47","date_gmt":"2025-08-15T14:29:47","guid":{"rendered":"https:\/\/onordeste.com.br\/?p=135637"},"modified":"2025-08-15T11:29:47","modified_gmt":"2025-08-15T14:29:47","slug":"mppb-e-orgaos-fiscalizam-instituicao-para-idosos","status":"publish","type":"post","link":"https:\/\/iparaiba.com.br\/index.php\/2025\/08\/15\/mppb-e-orgaos-fiscalizam-instituicao-para-idosos\/","title":{"rendered":"MPPB e \u00f3rg\u00e3os fiscalizam institui\u00e7\u00e3o para idosos"},"content":{"rendered":"<p>O Minist\u00e9rio P\u00fablico da Para\u00edba, o Corpo de Bombeiros, a Vigil\u00e2ncia Sanit\u00e1ria Municipal e o Conselho Municipal do Idoso de Jo\u00e3o Pessoa realizaram, nessa ter\u00e7a-feira (12\/08), uma inspe\u00e7\u00e3o na Institui\u00e7\u00e3o de Longa Perman\u00eancia para Idosos Esmeralda Hotel Geri\u00e1trico com o objetivo verificar as condi\u00e7\u00f5es estruturais, de seguran\u00e7a, sanit\u00e1rias e assistenciais ofertadas aos residentes. A inspe\u00e7\u00e3o foi acompanhada pela 64\u00aa promotora de Justi\u00e7a de Jo\u00e3o Pessoa, Anita Beth\u00e2nia Rocha, que atua na defesa dos direitos da pessoa idosa.<\/p>\n<p>Durante a fiscaliza\u00e7\u00e3o, foram observados a estrutura f\u00edsica do local, o acesso, a quantidade de funcion\u00e1rios, a alimenta\u00e7\u00e3o fornecida e as condi\u00e7\u00f5es dos quartos e demais depend\u00eancias.<\/p>\n<p>De acordo com a representante do MPPB, foi constatado que a institui\u00e7\u00e3o encontrava-se em reforma e expans\u00e3o, realizada de forma irregular, segundo apontamento do Corpo de Bombeiros, uma vez que a interven\u00e7\u00e3o n\u00e3o havia sido previamente comunicada ao \u00f3rg\u00e3o competente. A promotora conversou com funcion\u00e1rios, idosos e equipe t\u00e9cnica, a fim de apurar a realidade da rotina no estabelecimento, e foi discutido prazo para que a institui\u00e7\u00e3o apresentasse solu\u00e7\u00f5es para as irregularidades encontradas.<\/p>\n<p>Ao final da inspe\u00e7\u00e3o, os integrantes dos \u00f3rg\u00e3os se reuniram com a diretoria da entidade,\u00a0 quando apresentaram pontos como alerta sobre a necessidade de preven\u00e7\u00e3o de quedas; a constata\u00e7\u00e3o de n\u00famero insuficiente de cuidadores e de pessoal de limpeza; refor\u00e7o da responsabilidade da ILPI na preserva\u00e7\u00e3o da integridade f\u00edsica e moral dos residentes; obrigatoriedade da atua\u00e7\u00e3o cont\u00ednua dos \u00f3rg\u00e3os fiscalizadores e da ado\u00e7\u00e3o de provid\u00eancias pela administra\u00e7\u00e3o da institui\u00e7\u00e3o; e alerta do Corpo de Bombeiros quanto \u00e0 falta de comprometimento da dire\u00e7\u00e3o diante das irregularidades identificadas.<\/p>\n<p>Em raz\u00e3o das irregularidades encontradas, a institui\u00e7\u00e3o dever\u00e1 apresentar plano de adequa\u00e7\u00e3o aos \u00f3rg\u00e3os competentes, contemplando a regulariza\u00e7\u00e3o das obras junto ao Corpo de Bombeiros, a amplia\u00e7\u00e3o do quadro de cuidadores e equipe de limpeza, a implementa\u00e7\u00e3o de medidas preventivas contra quedas e a garantia de atendimento cont\u00ednuo e humanizado aos idosos. A promotora Anita Beth\u00e2nia Rocha vai acompanhar o cumprimento das determina\u00e7\u00f5es e adotar\u00e1 as medidas cab\u00edveis caso n\u00e3o sejam cumpridas.<\/p>\n","protected":false},"excerpt":{"rendered":"<p>O Minist\u00e9rio P\u00fablico da Para\u00edba, o Corpo de Bombeiros, a Vigil\u00e2ncia Sanit\u00e1ria Municipal e o Conselho Municipal do Idoso de Jo\u00e3o Pessoa realizaram, nessa ter\u00e7a-feira (12\/08), uma inspe\u00e7\u00e3o na Institui\u00e7\u00e3o de Longa Perman\u00eancia para Idosos Esmeralda Hotel Geri\u00e1trico com o objetivo verificar as condi\u00e7\u00f5es estruturais, de seguran\u00e7a, sanit\u00e1rias e assistenciais ofertadas aos residentes. A inspe\u00e7\u00e3o &hellip;<\/p>\n","protected":false},"author":1,"featured_media":107036,"comment_status":"open","ping_status":"open","sticky":false,"template":"","format":"standard","meta":{"footnotes":""},"categories":[9],"tags":[],"class_list":["post-135695","post","type-post","status-publish","format-standard","has-post-thumbnail","hentry","category-justica"],"_links":{"self":[{"href":"https:\/\/iparaiba.com.br\/index.php\/wp-json\/wp\/v2\/posts\/135695","targetHints":{"allow":["GET"]}}],"collection":[{"href":"https:\/\/iparaiba.com.br\/index.php\/wp-json\/wp\/v2\/posts"}],"about":[{"href":"https:\/\/iparaiba.com.br\/index.php\/wp-json\/wp\/v2\/types\/post"}],"author":[{"embeddable":true,"href":"https:\/\/iparaiba.com.br\/index.php\/wp-json\/wp\/v2\/users\/1"}],"replies":[{"embeddable":true,"href":"https:\/\/iparaiba.com.br\/index.php\/wp-json\/wp\/v2\/comments?post=135695"}],"version-history":[{"count":0,"href":"https:\/\/iparaiba.com.br\/index.php\/wp-json\/wp\/v2\/posts\/135695\/revisions"}],"wp:featuredmedia":[{"embeddable":true,"href":"https:\/\/iparaiba.com.br\/index.php\/wp-json\/wp\/v2\/media\/107036"}],"wp:attachment":[{"href":"https:\/\/iparaiba.com.br\/index.php\/wp-json\/wp\/v2\/media?parent=135695"}],"wp:term":[{"taxonomy":"category","embeddable":true,"href":"https:\/\/iparaiba.com.br\/index.php\/wp-json\/wp\/v2\/categories?post=135695"},{"taxonomy":"post_tag","embeddable":true,"href":"https:\/\/iparaiba.com.br\/index.php\/wp-json\/wp\/v2\/tags?post=135695"}],"curies":[{"name":"wp","href":"https:\/\/api.w.org\/{rel}","templated":true}]}}