{"id":135693,"date":"2025-08-15T11:25:42","date_gmt":"2025-08-15T14:25:42","guid":{"rendered":"https:\/\/onordeste.com.br\/?p=135633"},"modified":"2025-08-15T11:25:42","modified_gmt":"2025-08-15T14:25:42","slug":"alpb-promulga-ldo-2026-apos-governo-do-estado-perder-prazo","status":"publish","type":"post","link":"https:\/\/iparaiba.com.br\/index.php\/2025\/08\/15\/alpb-promulga-ldo-2026-apos-governo-do-estado-perder-prazo\/","title":{"rendered":"ALPB promulga LDO 2026 ap\u00f3s Governo do Estado perder prazo"},"content":{"rendered":"<p>O presidente da Assembleia Legislativa da Para\u00edba (ALPB), Adriano Galdino, promulgou a Lei de Diretrizes Or\u00e7ament\u00e1rias (LDO) para 2026, ap\u00f3s o Governo do Estado perder prazo para san\u00e7\u00e3o. A publica\u00e7\u00e3o est\u00e1 no Di\u00e1rio do Poder Legislativo desta quarta-feira (13).<\/p>\n<p>Contudo, a LDO foi publicada no Di\u00e1rio Oficial do Estado (DOE) desta quinta-feira (14), sancionada pelo governador Jo\u00e3o Azev\u00eado, que vetou algumas emendas, dentre elas a que determina que, no final do exerc\u00edcio, o Estado apurar\u00e1 a receita real e calcular\u00e1 o duod\u00e9cimo dos poderes em cima desse valor.<\/p>\n<p>De acordo com o processo legislativo, cabia ao Poder Executivo sancionar a LDO 2026 dentro do prazo de 15 dias. Como isso n\u00e3o ocorreu, o presidente da ALPB, Adriano Galdino, promulgou a lei e publicou no DPL.<\/p>\n<p>Al\u00e9m da emenda que versa sobre o repasse do duod\u00e9cimo em cima da receita real, o governador Jo\u00e3o Azev\u00eado vetou mais 19 emendas dos parlamentares ao texto da LDO 2026.<\/p>\n","protected":false},"excerpt":{"rendered":"<p>O presidente da Assembleia Legislativa da Para\u00edba (ALPB), Adriano Galdino, promulgou a Lei de Diretrizes Or\u00e7ament\u00e1rias (LDO) para 2026, ap\u00f3s o Governo do Estado perder prazo para san\u00e7\u00e3o. A publica\u00e7\u00e3o est\u00e1 no Di\u00e1rio do Poder Legislativo desta quarta-feira (13). Contudo, a LDO foi publicada no Di\u00e1rio Oficial do Estado (DOE) desta quinta-feira (14), sancionada pelo &hellip;<\/p>\n","protected":false},"author":1,"featured_media":115221,"comment_status":"open","ping_status":"open","sticky":false,"template":"","format":"standard","meta":{"footnotes":""},"categories":[8],"tags":[],"class_list":["post-135693","post","type-post","status-publish","format-standard","has-post-thumbnail","hentry","category-politica"],"_links":{"self":[{"href":"https:\/\/iparaiba.com.br\/index.php\/wp-json\/wp\/v2\/posts\/135693","targetHints":{"allow":["GET"]}}],"collection":[{"href":"https:\/\/iparaiba.com.br\/index.php\/wp-json\/wp\/v2\/posts"}],"about":[{"href":"https:\/\/iparaiba.com.br\/index.php\/wp-json\/wp\/v2\/types\/post"}],"author":[{"embeddable":true,"href":"https:\/\/iparaiba.com.br\/index.php\/wp-json\/wp\/v2\/users\/1"}],"replies":[{"embeddable":true,"href":"https:\/\/iparaiba.com.br\/index.php\/wp-json\/wp\/v2\/comments?post=135693"}],"version-history":[{"count":0,"href":"https:\/\/iparaiba.com.br\/index.php\/wp-json\/wp\/v2\/posts\/135693\/revisions"}],"wp:featuredmedia":[{"embeddable":true,"href":"https:\/\/iparaiba.com.br\/index.php\/wp-json\/wp\/v2\/media\/115221"}],"wp:attachment":[{"href":"https:\/\/iparaiba.com.br\/index.php\/wp-json\/wp\/v2\/media?parent=135693"}],"wp:term":[{"taxonomy":"category","embeddable":true,"href":"https:\/\/iparaiba.com.br\/index.php\/wp-json\/wp\/v2\/categories?post=135693"},{"taxonomy":"post_tag","embeddable":true,"href":"https:\/\/iparaiba.com.br\/index.php\/wp-json\/wp\/v2\/tags?post=135693"}],"curies":[{"name":"wp","href":"https:\/\/api.w.org\/{rel}","templated":true}]}}